{"id":23332,"date":"2026-01-30T10:43:21","date_gmt":"2026-01-30T09:43:21","guid":{"rendered":"https:\/\/www.larouelibre.fr\/blog\/?p=23332"},"modified":"2026-01-30T10:43:22","modified_gmt":"2026-01-30T09:43:22","slug":"magasins-fermes-le-mardi-11-novembre-2025","status":"publish","type":"post","link":"https:\/\/www.larouelibre.fr\/blog\/2026\/01\/30\/magasins-fermes-le-mardi-11-novembre-2025\/","title":{"rendered":"Magasins ferm\u00e9s le Mardi 30 et Mercredi 31 D\u00e9cembre 2025"},"content":{"rendered":"\n<p class=\"has-text-align-center\">Nos magasins de Nice et Cagnes-sur-Mer seront ferm\u00e9s du Mardi 30 au Mercredi 31 D\u00e9cembre 2025 pour inventaire. R\u00e9ouverture Vendredi 2 Janvier \u00e0 8H30 pour bien commencer l&rsquo;ann\u00e9e 2026!<\/p>\n\n\n\n<p class=\"has-text-align-center\">Bonnes f\u00eates de fin d&rsquo;ann\u00e9e \u00e0 tous et toutes!<\/p>\n\n\n\n<p class=\"has-text-align-center\">L&rsquo;\u00e9quipe La Roue Libre<\/p>\n\n\n\n<p><\/p>\n","protected":false},"excerpt":{"rendered":"<p>Nos magasins de Nice et Cagnes-sur-Mer seront ferm\u00e9s du Mardi 30 au Mercredi 31 D\u00e9cembre 2025 pour inventaire. R\u00e9ouverture Vendredi 2 Janvier \u00e0 8H30 pour bien commencer l&rsquo;ann\u00e9e 2026! Bonnes f\u00eates de fin d&rsquo;ann\u00e9e \u00e0 tous et toutes! L&rsquo;\u00e9quipe La Roue Libre<\/p>\n","protected":false},"author":1,"featured_media":22768,"comment_status":"open","ping_status":"open","sticky":false,"template":"","format":"standard","meta":{"jetpack_post_was_ever_published":false,"_jetpack_newsletter_access":"","_jetpack_dont_email_post_to_subs":false,"_jetpack_newsletter_tier_id":0,"_jetpack_memberships_contains_paywalled_content":false,"_jetpack_memberships_contains_paid_content":false,"footnotes":"","jetpack_publicize_message":"","jetpack_publicize_feature_enabled":true,"jetpack_social_post_already_shared":true,"jetpack_social_options":{"image_generator_settings":{"template":"highway","default_image_id":0,"font":"","enabled":false},"version":2}},"categories":[1],"tags":[],"class_list":{"0":"post-23332","1":"post","2":"type-post","3":"status-publish","4":"format-standard","5":"has-post-thumbnail","7":"category-non-classe"},"yoast_head":"<!-- This site is optimized with the Yoast SEO plugin v26.5 - https:\/\/yoast.com\/wordpress\/plugins\/seo\/ -->\n<title>Magasins ferm\u00e9s le Mardi 30 et Mercredi 31 D\u00e9cembre 2025 - La Roue Libre<\/title>\n<meta name=\"robots\" content=\"index, follow, max-snippet:-1, max-image-preview:large, max-video-preview:-1\" \/>\n<link rel=\"canonical\" href=\"https:\/\/www.larouelibre.fr\/blog\/2026\/01\/30\/magasins-fermes-le-mardi-11-novembre-2025\/\" \/>\n<meta property=\"og:locale\" content=\"fr_FR\" \/>\n<meta property=\"og:type\" content=\"article\" \/>\n<meta property=\"og:title\" content=\"Magasins ferm\u00e9s le Mardi 30 et Mercredi 31 D\u00e9cembre 2025 - La Roue Libre\" \/>\n<meta property=\"og:description\" content=\"Nos magasins de Nice et Cagnes-sur-Mer seront ferm\u00e9s du Mardi 30 au Mercredi 31 D\u00e9cembre 2025 pour inventaire. R\u00e9ouverture Vendredi 2 Janvier \u00e0 8H30 pour bien commencer l&rsquo;ann\u00e9e 2026! Bonnes f\u00eates de fin d&rsquo;ann\u00e9e \u00e0 tous et toutes! L&rsquo;\u00e9quipe La Roue Libre\" \/>\n<meta property=\"og:url\" content=\"https:\/\/www.larouelibre.fr\/blog\/2026\/01\/30\/magasins-fermes-le-mardi-11-novembre-2025\/\" \/>\n<meta property=\"og:site_name\" content=\"La Roue Libre\" \/>\n<meta property=\"article:published_time\" content=\"2026-01-30T09:43:21+00:00\" \/>\n<meta property=\"article:modified_time\" content=\"2026-01-30T09:43:22+00:00\" \/>\n<meta property=\"og:image\" content=\"https:\/\/www.larouelibre.fr\/blog\/wp-content\/uploads\/2022\/12\/lrl_nice_bonnes_fetes.jpg\" \/>\n\t<meta property=\"og:image:width\" content=\"1152\" \/>\n\t<meta property=\"og:image:height\" content=\"445\" \/>\n\t<meta property=\"og:image:type\" content=\"image\/jpeg\" \/>\n<meta name=\"author\" content=\"La Roue Libre\" \/>\n<meta name=\"twitter:card\" content=\"summary_large_image\" \/>\n<meta name=\"twitter:label1\" content=\"\u00c9crit par\" \/>\n\t<meta name=\"twitter:data1\" content=\"La Roue Libre\" \/>\n\t<meta name=\"twitter:label2\" content=\"Dur\u00e9e de lecture estim\u00e9e\" \/>\n\t<meta name=\"twitter:data2\" content=\"1 minute\" \/>\n<script type=\"application\/ld+json\" class=\"yoast-schema-graph\">{\"@context\":\"https:\/\/schema.org\",\"@graph\":[{\"@type\":\"WebPage\",\"@id\":\"https:\/\/www.larouelibre.fr\/blog\/2026\/01\/30\/magasins-fermes-le-mardi-11-novembre-2025\/\",\"url\":\"https:\/\/www.larouelibre.fr\/blog\/2026\/01\/30\/magasins-fermes-le-mardi-11-novembre-2025\/\",\"name\":\"Magasins ferm\u00e9s le Mardi 30 et Mercredi 31 D\u00e9cembre 2025 - La Roue Libre\",\"isPartOf\":{\"@id\":\"https:\/\/www.larouelibre.fr\/blog\/#website\"},\"primaryImageOfPage\":{\"@id\":\"https:\/\/www.larouelibre.fr\/blog\/2026\/01\/30\/magasins-fermes-le-mardi-11-novembre-2025\/#primaryimage\"},\"image\":{\"@id\":\"https:\/\/www.larouelibre.fr\/blog\/2026\/01\/30\/magasins-fermes-le-mardi-11-novembre-2025\/#primaryimage\"},\"thumbnailUrl\":\"https:\/\/i0.wp.com\/www.larouelibre.fr\/blog\/wp-content\/uploads\/2022\/12\/lrl_nice_bonnes_fetes.jpg?fit=1152%2C445&ssl=1\",\"datePublished\":\"2026-01-30T09:43:21+00:00\",\"dateModified\":\"2026-01-30T09:43:22+00:00\",\"author\":{\"@id\":\"https:\/\/www.larouelibre.fr\/blog\/#\/schema\/person\/f0e3bfb9ee3260832293b637a20dfca0\"},\"breadcrumb\":{\"@id\":\"https:\/\/www.larouelibre.fr\/blog\/2026\/01\/30\/magasins-fermes-le-mardi-11-novembre-2025\/#breadcrumb\"},\"inLanguage\":\"fr-FR\",\"potentialAction\":[{\"@type\":\"ReadAction\",\"target\":[\"https:\/\/www.larouelibre.fr\/blog\/2026\/01\/30\/magasins-fermes-le-mardi-11-novembre-2025\/\"]}]},{\"@type\":\"ImageObject\",\"inLanguage\":\"fr-FR\",\"@id\":\"https:\/\/www.larouelibre.fr\/blog\/2026\/01\/30\/magasins-fermes-le-mardi-11-novembre-2025\/#primaryimage\",\"url\":\"https:\/\/i0.wp.com\/www.larouelibre.fr\/blog\/wp-content\/uploads\/2022\/12\/lrl_nice_bonnes_fetes.jpg?fit=1152%2C445&ssl=1\",\"contentUrl\":\"https:\/\/i0.wp.com\/www.larouelibre.fr\/blog\/wp-content\/uploads\/2022\/12\/lrl_nice_bonnes_fetes.jpg?fit=1152%2C445&ssl=1\",\"width\":1152,\"height\":445},{\"@type\":\"BreadcrumbList\",\"@id\":\"https:\/\/www.larouelibre.fr\/blog\/2026\/01\/30\/magasins-fermes-le-mardi-11-novembre-2025\/#breadcrumb\",\"itemListElement\":[{\"@type\":\"ListItem\",\"position\":1,\"name\":\"Accueil\",\"item\":\"https:\/\/www.larouelibre.fr\/blog\/\"},{\"@type\":\"ListItem\",\"position\":2,\"name\":\"Magasins ferm\u00e9s le Mardi 30 et Mercredi 31 D\u00e9cembre 2025\"}]},{\"@type\":\"WebSite\",\"@id\":\"https:\/\/www.larouelibre.fr\/blog\/#website\",\"url\":\"https:\/\/www.larouelibre.fr\/blog\/\",\"name\":\"La Roue Libre\",\"description\":\"Votre sp\u00e9cialiste cycle, v\u00e9lo \u00e9lectrique, vtt, v\u00e9lo route \u00e0 Nice et cagnes sur mer\",\"potentialAction\":[{\"@type\":\"SearchAction\",\"target\":{\"@type\":\"EntryPoint\",\"urlTemplate\":\"https:\/\/www.larouelibre.fr\/blog\/?s={search_term_string}\"},\"query-input\":{\"@type\":\"PropertyValueSpecification\",\"valueRequired\":true,\"valueName\":\"search_term_string\"}}],\"inLanguage\":\"fr-FR\"},{\"@type\":\"Person\",\"@id\":\"https:\/\/www.larouelibre.fr\/blog\/#\/schema\/person\/f0e3bfb9ee3260832293b637a20dfca0\",\"name\":\"La Roue Libre\",\"image\":{\"@type\":\"ImageObject\",\"inLanguage\":\"fr-FR\",\"@id\":\"https:\/\/www.larouelibre.fr\/blog\/#\/schema\/person\/image\/\",\"url\":\"https:\/\/secure.gravatar.com\/avatar\/1f3fcb4fdc3a87d34bf1800c7dafbf15c6ab72f0bc50ff91c79228824fd096e6?s=96&d=mm&r=g\",\"contentUrl\":\"https:\/\/secure.gravatar.com\/avatar\/1f3fcb4fdc3a87d34bf1800c7dafbf15c6ab72f0bc50ff91c79228824fd096e6?s=96&d=mm&r=g\",\"caption\":\"La Roue Libre\"},\"description\":\"Votre sp\u00e9cialiste cycle, VTT, v\u00e9los \u00e9lectriques et route depuis 1977!\",\"sameAs\":[\"https:\/\/www.larouelibre.fr\/\"],\"url\":\"https:\/\/www.larouelibre.fr\/blog\/author\/lrl\/\"}]}<\/script>\n<!-- \/ Yoast SEO plugin. -->","yoast_head_json":{"title":"Magasins ferm\u00e9s le Mardi 30 et Mercredi 31 D\u00e9cembre 2025 - La Roue Libre","robots":{"index":"index","follow":"follow","max-snippet":"max-snippet:-1","max-image-preview":"max-image-preview:large","max-video-preview":"max-video-preview:-1"},"canonical":"https:\/\/www.larouelibre.fr\/blog\/2026\/01\/30\/magasins-fermes-le-mardi-11-novembre-2025\/","og_locale":"fr_FR","og_type":"article","og_title":"Magasins ferm\u00e9s le Mardi 30 et Mercredi 31 D\u00e9cembre 2025 - La Roue Libre","og_description":"Nos magasins de Nice et Cagnes-sur-Mer seront ferm\u00e9s du Mardi 30 au Mercredi 31 D\u00e9cembre 2025 pour inventaire. R\u00e9ouverture Vendredi 2 Janvier \u00e0 8H30 pour bien commencer l&rsquo;ann\u00e9e 2026! Bonnes f\u00eates de fin d&rsquo;ann\u00e9e \u00e0 tous et toutes! L&rsquo;\u00e9quipe La Roue Libre","og_url":"https:\/\/www.larouelibre.fr\/blog\/2026\/01\/30\/magasins-fermes-le-mardi-11-novembre-2025\/","og_site_name":"La Roue Libre","article_published_time":"2026-01-30T09:43:21+00:00","article_modified_time":"2026-01-30T09:43:22+00:00","og_image":[{"width":1152,"height":445,"url":"https:\/\/www.larouelibre.fr\/blog\/wp-content\/uploads\/2022\/12\/lrl_nice_bonnes_fetes.jpg","type":"image\/jpeg"}],"author":"La Roue Libre","twitter_card":"summary_large_image","twitter_misc":{"\u00c9crit par":"La Roue Libre","Dur\u00e9e de lecture estim\u00e9e":"1 minute"},"schema":{"@context":"https:\/\/schema.org","@graph":[{"@type":"WebPage","@id":"https:\/\/www.larouelibre.fr\/blog\/2026\/01\/30\/magasins-fermes-le-mardi-11-novembre-2025\/","url":"https:\/\/www.larouelibre.fr\/blog\/2026\/01\/30\/magasins-fermes-le-mardi-11-novembre-2025\/","name":"Magasins ferm\u00e9s le Mardi 30 et Mercredi 31 D\u00e9cembre 2025 - La Roue Libre","isPartOf":{"@id":"https:\/\/www.larouelibre.fr\/blog\/#website"},"primaryImageOfPage":{"@id":"https:\/\/www.larouelibre.fr\/blog\/2026\/01\/30\/magasins-fermes-le-mardi-11-novembre-2025\/#primaryimage"},"image":{"@id":"https:\/\/www.larouelibre.fr\/blog\/2026\/01\/30\/magasins-fermes-le-mardi-11-novembre-2025\/#primaryimage"},"thumbnailUrl":"https:\/\/i0.wp.com\/www.larouelibre.fr\/blog\/wp-content\/uploads\/2022\/12\/lrl_nice_bonnes_fetes.jpg?fit=1152%2C445&ssl=1","datePublished":"2026-01-30T09:43:21+00:00","dateModified":"2026-01-30T09:43:22+00:00","author":{"@id":"https:\/\/www.larouelibre.fr\/blog\/#\/schema\/person\/f0e3bfb9ee3260832293b637a20dfca0"},"breadcrumb":{"@id":"https:\/\/www.larouelibre.fr\/blog\/2026\/01\/30\/magasins-fermes-le-mardi-11-novembre-2025\/#breadcrumb"},"inLanguage":"fr-FR","potentialAction":[{"@type":"ReadAction","target":["https:\/\/www.larouelibre.fr\/blog\/2026\/01\/30\/magasins-fermes-le-mardi-11-novembre-2025\/"]}]},{"@type":"ImageObject","inLanguage":"fr-FR","@id":"https:\/\/www.larouelibre.fr\/blog\/2026\/01\/30\/magasins-fermes-le-mardi-11-novembre-2025\/#primaryimage","url":"https:\/\/i0.wp.com\/www.larouelibre.fr\/blog\/wp-content\/uploads\/2022\/12\/lrl_nice_bonnes_fetes.jpg?fit=1152%2C445&ssl=1","contentUrl":"https:\/\/i0.wp.com\/www.larouelibre.fr\/blog\/wp-content\/uploads\/2022\/12\/lrl_nice_bonnes_fetes.jpg?fit=1152%2C445&ssl=1","width":1152,"height":445},{"@type":"BreadcrumbList","@id":"https:\/\/www.larouelibre.fr\/blog\/2026\/01\/30\/magasins-fermes-le-mardi-11-novembre-2025\/#breadcrumb","itemListElement":[{"@type":"ListItem","position":1,"name":"Accueil","item":"https:\/\/www.larouelibre.fr\/blog\/"},{"@type":"ListItem","position":2,"name":"Magasins ferm\u00e9s le Mardi 30 et Mercredi 31 D\u00e9cembre 2025"}]},{"@type":"WebSite","@id":"https:\/\/www.larouelibre.fr\/blog\/#website","url":"https:\/\/www.larouelibre.fr\/blog\/","name":"La Roue Libre","description":"Votre sp\u00e9cialiste cycle, v\u00e9lo \u00e9lectrique, vtt, v\u00e9lo route \u00e0 Nice et cagnes sur mer","potentialAction":[{"@type":"SearchAction","target":{"@type":"EntryPoint","urlTemplate":"https:\/\/www.larouelibre.fr\/blog\/?s={search_term_string}"},"query-input":{"@type":"PropertyValueSpecification","valueRequired":true,"valueName":"search_term_string"}}],"inLanguage":"fr-FR"},{"@type":"Person","@id":"https:\/\/www.larouelibre.fr\/blog\/#\/schema\/person\/f0e3bfb9ee3260832293b637a20dfca0","name":"La Roue Libre","image":{"@type":"ImageObject","inLanguage":"fr-FR","@id":"https:\/\/www.larouelibre.fr\/blog\/#\/schema\/person\/image\/","url":"https:\/\/secure.gravatar.com\/avatar\/1f3fcb4fdc3a87d34bf1800c7dafbf15c6ab72f0bc50ff91c79228824fd096e6?s=96&d=mm&r=g","contentUrl":"https:\/\/secure.gravatar.com\/avatar\/1f3fcb4fdc3a87d34bf1800c7dafbf15c6ab72f0bc50ff91c79228824fd096e6?s=96&d=mm&r=g","caption":"La Roue Libre"},"description":"Votre sp\u00e9cialiste cycle, VTT, v\u00e9los \u00e9lectriques et route depuis 1977!","sameAs":["https:\/\/www.larouelibre.fr\/"],"url":"https:\/\/www.larouelibre.fr\/blog\/author\/lrl\/"}]}},"jetpack_publicize_connections":[],"jetpack_featured_media_url":"https:\/\/i0.wp.com\/www.larouelibre.fr\/blog\/wp-content\/uploads\/2022\/12\/lrl_nice_bonnes_fetes.jpg?fit=1152%2C445&ssl=1","jetpack_sharing_enabled":true,"jetpack_shortlink":"https:\/\/wp.me\/p7po7v-64k","jetpack-related-posts":[{"id":23258,"url":"https:\/\/www.larouelibre.fr\/blog\/2025\/05\/05\/cagnes-sur-mer-changement-de-nos-horaires\/","url_meta":{"origin":23332,"position":0},"title":"Cagnes-sur-Mer: Changement de nos horaires","author":"La Roue Libre","date":"5 mai 2025","format":false,"excerpt":"Nous informons notre aimable client\u00e8le qu'\u00e0 partir du 12 Mai 2025, notre magasin de Cagnes-sur-Mer sera ferm\u00e9 tous les lundis. Voici nos nouveaux horaires: LundiFerm\u00e9Mardi8H30-12H00 \/ 14H30-19H00Mercredi8H30-12H00 \/ 14H30-19H00Jeudi8H30-12H00 \/ 14H30-19H00Vendredi8H30-12H00 \/ 14H30-19H00Samedi8H30-12H00 \/ 14H30-19H00DimancheFerm\u00e9 A bient\u00f4t dans votre magasin de Cagnes-sur-Mer au 15 avenue de Grasse! L'\u00e9quipe de La\u2026","rel":"","context":"Dans &quot;Non class\u00e9&quot;","block_context":{"text":"Non class\u00e9","link":"https:\/\/www.larouelibre.fr\/blog\/category\/non-classe\/"},"img":{"alt_text":"","src":"https:\/\/i0.wp.com\/www.larouelibre.fr\/blog\/wp-content\/uploads\/2014\/03\/la-roue-libre-cagnes.jpg?fit=598%2C414&ssl=1&resize=350%2C200","width":350,"height":200,"srcset":"https:\/\/i0.wp.com\/www.larouelibre.fr\/blog\/wp-content\/uploads\/2014\/03\/la-roue-libre-cagnes.jpg?fit=598%2C414&ssl=1&resize=350%2C200 1x, https:\/\/i0.wp.com\/www.larouelibre.fr\/blog\/wp-content\/uploads\/2014\/03\/la-roue-libre-cagnes.jpg?fit=598%2C414&ssl=1&resize=525%2C300 1.5x"},"classes":[]},{"id":22756,"url":"https:\/\/www.larouelibre.fr\/blog\/2022\/11\/17\/renforcement-des-aides-nationales-a-lachat-dun-velo-electrique\/","url_meta":{"origin":23332,"position":1},"title":"Renforcement des aides nationales \u00e0 l&rsquo;achat d&rsquo;un v\u00e9lo \u00e9lectrique","author":"La Roue Libre","date":"17 novembre 2022","format":false,"excerpt":"Dans un contexte de hausse des prix de l\u2019\u00e9nergie, le Gouvernement accentue son soutien \u00e0 l\u2019achat de cycles m\u00e9caniques et \u00e9lectriques. Un d\u00e9cret publi\u00e9 le 13 ao\u00fbt pr\u00e9voit de nouvelles aides qui seront en vigueur jusqu'au 31 d\u00e9cembre 2022. Renforcement du bonus \u00e9cologique Le bonus \u00e9cologique pour l\u2019acquisition d\u2019un v\u00e9lo\u2026","rel":"","context":"Dans &quot;Non class\u00e9&quot;","block_context":{"text":"Non class\u00e9","link":"https:\/\/www.larouelibre.fr\/blog\/category\/non-classe\/"},"img":{"alt_text":"","src":"https:\/\/i0.wp.com\/www.larouelibre.fr\/blog\/wp-content\/uploads\/2022\/11\/309360398_468722805296493_2184361616443301161_n.jpg?fit=680%2C481&ssl=1&resize=350%2C200","width":350,"height":200,"srcset":"https:\/\/i0.wp.com\/www.larouelibre.fr\/blog\/wp-content\/uploads\/2022\/11\/309360398_468722805296493_2184361616443301161_n.jpg?fit=680%2C481&ssl=1&resize=350%2C200 1x, https:\/\/i0.wp.com\/www.larouelibre.fr\/blog\/wp-content\/uploads\/2022\/11\/309360398_468722805296493_2184361616443301161_n.jpg?fit=680%2C481&ssl=1&resize=525%2C300 1.5x"},"classes":[]},{"id":23335,"url":"https:\/\/www.larouelibre.fr\/blog\/2025\/08\/26\/orbea-arrive-en-magasin\/","url_meta":{"origin":23332,"position":2},"title":"ORBEA arrive en magasin!","author":"La Roue Libre","date":"26 ao\u00fbt 2025","format":false,"excerpt":"La rentr\u00e9e approche \u00e0 grands pas, et avec elle son lot de nouveaut\u00e9s... Parmi elles, une nouvelle marque fait son apparition dans nos magasins de Nice et Cagnes-sur-Mer. Une des marques les plus anciennes de v\u00e9lo, qui nous vient d'un pays voisin, l'Espagne. Une marque rendue c\u00e9l\u00e8bre par un de\u2026","rel":"","context":"Dans &quot;Non class\u00e9&quot;","block_context":{"text":"Non class\u00e9","link":"https:\/\/www.larouelibre.fr\/blog\/category\/non-classe\/"},"img":{"alt_text":"","src":"https:\/\/i0.wp.com\/www.larouelibre.fr\/blog\/wp-content\/uploads\/2025\/08\/wild_home_2000x1100.jpg?fit=1200%2C660&ssl=1&resize=350%2C200","width":350,"height":200,"srcset":"https:\/\/i0.wp.com\/www.larouelibre.fr\/blog\/wp-content\/uploads\/2025\/08\/wild_home_2000x1100.jpg?fit=1200%2C660&ssl=1&resize=350%2C200 1x, https:\/\/i0.wp.com\/www.larouelibre.fr\/blog\/wp-content\/uploads\/2025\/08\/wild_home_2000x1100.jpg?fit=1200%2C660&ssl=1&resize=525%2C300 1.5x, https:\/\/i0.wp.com\/www.larouelibre.fr\/blog\/wp-content\/uploads\/2025\/08\/wild_home_2000x1100.jpg?fit=1200%2C660&ssl=1&resize=700%2C400 2x, https:\/\/i0.wp.com\/www.larouelibre.fr\/blog\/wp-content\/uploads\/2025\/08\/wild_home_2000x1100.jpg?fit=1200%2C660&ssl=1&resize=1050%2C600 3x"},"classes":[]},{"id":23239,"url":"https:\/\/www.larouelibre.fr\/blog\/2025\/04\/14\/la-roue-libre-devient-revendeur-forbidden\/","url_meta":{"origin":23332,"position":3},"title":"LA ROUE LIBRE DEVIENT REVENDEUR FORBIDDEN!","author":"La Roue Libre","date":"14 avril 2025","format":false,"excerpt":"Quelques bruits de couloirs ont commenc\u00e9 \u00e0 fuiter sur la venue d'une nouvelle marque dans nos magasins de Nice et Cagnes-sur-Mer... Nous pouvons enfin vous annoncer l'arriv\u00e9e d'une nouvelle marque canadienne dans nos shops : FORBIDDEN. L'arriv\u00e9e d'un tout nouveau mod\u00e8le \u00e9lectrique dot\u00e9 du tr\u00e8s attendu moteur Avinox M1 avec\u2026","rel":"","context":"Dans &quot;Non class\u00e9&quot;","block_context":{"text":"Non class\u00e9","link":"https:\/\/www.larouelibre.fr\/blog\/category\/non-classe\/"},"img":{"alt_text":"","src":"https:\/\/i0.wp.com\/www.larouelibre.fr\/blog\/wp-content\/uploads\/2025\/04\/DruidCorE_1920x1080-scaled.jpg?fit=1200%2C675&ssl=1&resize=350%2C200","width":350,"height":200,"srcset":"https:\/\/i0.wp.com\/www.larouelibre.fr\/blog\/wp-content\/uploads\/2025\/04\/DruidCorE_1920x1080-scaled.jpg?fit=1200%2C675&ssl=1&resize=350%2C200 1x, https:\/\/i0.wp.com\/www.larouelibre.fr\/blog\/wp-content\/uploads\/2025\/04\/DruidCorE_1920x1080-scaled.jpg?fit=1200%2C675&ssl=1&resize=525%2C300 1.5x, https:\/\/i0.wp.com\/www.larouelibre.fr\/blog\/wp-content\/uploads\/2025\/04\/DruidCorE_1920x1080-scaled.jpg?fit=1200%2C675&ssl=1&resize=700%2C400 2x, https:\/\/i0.wp.com\/www.larouelibre.fr\/blog\/wp-content\/uploads\/2025\/04\/DruidCorE_1920x1080-scaled.jpg?fit=1200%2C675&ssl=1&resize=1050%2C600 3x"},"classes":[]},{"id":23275,"url":"https:\/\/www.larouelibre.fr\/blog\/2025\/05\/14\/emploi-nous-recherchons-un-vendeurse-cycle\/","url_meta":{"origin":23332,"position":4},"title":"EMPLOI: nous recherchons un VENDEUR(SE) CYCLE!","author":"La Roue Libre","date":"14 mai 2025","format":false,"excerpt":"Vous \u00eates passionn\u00e9(e) de cycle, et passez vos heures de repos \u00e0 astiquer les rivets de selle ou \u00e0 limer les sentiers de l'arri\u00e8re-pays? Alors votre profil nous int\u00e9resse s\u00fbrement! Notre magasin La Roue Libre recherche un vendeur(se)\/magasinier dynamique, passionn\u00e9(e) et surtout motiv\u00e9(e) pour venir \u00e9toffer notre \u00e9quipe! Profil recherch\u00e9\u00a0:\u2026","rel":"","context":"Dans &quot;Non class\u00e9&quot;","block_context":{"text":"Non class\u00e9","link":"https:\/\/www.larouelibre.fr\/blog\/category\/non-classe\/"},"img":{"alt_text":"","src":"https:\/\/i0.wp.com\/www.larouelibre.fr\/blog\/wp-content\/uploads\/2025\/05\/offre_emploi.jpg?fit=1080%2C1081&ssl=1&resize=350%2C200","width":350,"height":200,"srcset":"https:\/\/i0.wp.com\/www.larouelibre.fr\/blog\/wp-content\/uploads\/2025\/05\/offre_emploi.jpg?fit=1080%2C1081&ssl=1&resize=350%2C200 1x, https:\/\/i0.wp.com\/www.larouelibre.fr\/blog\/wp-content\/uploads\/2025\/05\/offre_emploi.jpg?fit=1080%2C1081&ssl=1&resize=525%2C300 1.5x, https:\/\/i0.wp.com\/www.larouelibre.fr\/blog\/wp-content\/uploads\/2025\/05\/offre_emploi.jpg?fit=1080%2C1081&ssl=1&resize=700%2C400 2x, https:\/\/i0.wp.com\/www.larouelibre.fr\/blog\/wp-content\/uploads\/2025\/05\/offre_emploi.jpg?fit=1080%2C1081&ssl=1&resize=1050%2C600 3x"},"classes":[]},{"id":22244,"url":"https:\/\/www.larouelibre.fr\/blog\/2022\/04\/04\/promo-tous-les-casques-troy-lee-design-2021-a-30\/","url_meta":{"origin":23332,"position":5},"title":"PROMO: Tous les casques TROY LEE DESIGN 2021 \u00e0 -30%!","author":"La Roue Libre","date":"4 avril 2022","format":false,"excerpt":"Bonne nouvelle pour tous les adeptes de la marque am\u00e9ricaine TROY LEE DESIGN, votre magasin La Roue Libre Cagnes vous fait profiter d'une promotion de -30% sur tous les derniers casques A3 2021 en magasin! Il nous reste que quelques exemplaires \u00e0 partir de 119 euros (prix remis\u00e9)\u2026 en plus\u2026","rel":"","context":"Dans &quot;Non class\u00e9&quot;","block_context":{"text":"Non class\u00e9","link":"https:\/\/www.larouelibre.fr\/blog\/category\/non-classe\/"},"img":{"alt_text":"","src":"https:\/\/i0.wp.com\/www.larouelibre.fr\/blog\/wp-content\/uploads\/2022\/04\/promo_casques_troyleedesign.jpg?fit=1200%2C364&ssl=1&resize=350%2C200","width":350,"height":200,"srcset":"https:\/\/i0.wp.com\/www.larouelibre.fr\/blog\/wp-content\/uploads\/2022\/04\/promo_casques_troyleedesign.jpg?fit=1200%2C364&ssl=1&resize=350%2C200 1x, https:\/\/i0.wp.com\/www.larouelibre.fr\/blog\/wp-content\/uploads\/2022\/04\/promo_casques_troyleedesign.jpg?fit=1200%2C364&ssl=1&resize=525%2C300 1.5x, https:\/\/i0.wp.com\/www.larouelibre.fr\/blog\/wp-content\/uploads\/2022\/04\/promo_casques_troyleedesign.jpg?fit=1200%2C364&ssl=1&resize=700%2C400 2x, https:\/\/i0.wp.com\/www.larouelibre.fr\/blog\/wp-content\/uploads\/2022\/04\/promo_casques_troyleedesign.jpg?fit=1200%2C364&ssl=1&resize=1050%2C600 3x"},"classes":[]}],"_links":{"self":[{"href":"https:\/\/www.larouelibre.fr\/blog\/wp-json\/wp\/v2\/posts\/23332","targetHints":{"allow":["GET"]}}],"collection":[{"href":"https:\/\/www.larouelibre.fr\/blog\/wp-json\/wp\/v2\/posts"}],"about":[{"href":"https:\/\/www.larouelibre.fr\/blog\/wp-json\/wp\/v2\/types\/post"}],"author":[{"embeddable":true,"href":"https:\/\/www.larouelibre.fr\/blog\/wp-json\/wp\/v2\/users\/1"}],"replies":[{"embeddable":true,"href":"https:\/\/www.larouelibre.fr\/blog\/wp-json\/wp\/v2\/comments?post=23332"}],"version-history":[{"count":3,"href":"https:\/\/www.larouelibre.fr\/blog\/wp-json\/wp\/v2\/posts\/23332\/revisions"}],"predecessor-version":[{"id":23363,"href":"https:\/\/www.larouelibre.fr\/blog\/wp-json\/wp\/v2\/posts\/23332\/revisions\/23363"}],"wp:featuredmedia":[{"embeddable":true,"href":"https:\/\/www.larouelibre.fr\/blog\/wp-json\/wp\/v2\/media\/22768"}],"wp:attachment":[{"href":"https:\/\/www.larouelibre.fr\/blog\/wp-json\/wp\/v2\/media?parent=23332"}],"wp:term":[{"taxonomy":"category","embeddable":true,"href":"https:\/\/www.larouelibre.fr\/blog\/wp-json\/wp\/v2\/categories?post=23332"},{"taxonomy":"post_tag","embeddable":true,"href":"https:\/\/www.larouelibre.fr\/blog\/wp-json\/wp\/v2\/tags?post=23332"}],"curies":[{"name":"wp","href":"https:\/\/api.w.org\/{rel}","templated":true}]}}