{"id":23321,"date":"2025-07-30T07:47:14","date_gmt":"2025-07-30T05:47:14","guid":{"rendered":"https:\/\/www.larouelibre.fr\/blog\/?p=23321"},"modified":"2025-07-30T07:48:03","modified_gmt":"2025-07-30T05:48:03","slug":"course-la-cyclo-du-tour-des-alpes-maritimes","status":"publish","type":"post","link":"https:\/\/www.larouelibre.fr\/blog\/2025\/07\/30\/course-la-cyclo-du-tour-des-alpes-maritimes\/","title":{"rendered":"Course: La Cyclo du Tour des Alpes Maritimes"},"content":{"rendered":"\n<p><strong>Affrontez les cols mythiques des Alpes-Maritimes comme les pros !<br>Rendez-vous le samedi 20 septembre pour la toute premi\u00e8re \u00e9dition de la Cyclo du Tour des Alpes-Maritimes by Cr\u00e9dit Agricole Provence C\u00f4te d\u2019Azur<\/strong><\/p>\n\n\n\n<p>Pr\u00e9parez-vous pour une cyclo in\u00e9dite, alliant d\u00e9fi sportif et ambiance festive au c\u0153ur des somptueux paysages de l\u2019arri\u00e8re-pays ni\u00e7ois. Plus qu\u2019une simple course, c\u2019est une v\u00e9ritable c\u00e9l\u00e9bration de la culture et du terroir des Alpes-Maritimes !<\/p>\n\n\n\n<p>Tout au long du parcours, laissez-vous porter par une atmosph\u00e8re conviviale, rythm\u00e9e par des animations musicales et des ravitaillements gourmands mettant \u00e0 l\u2019honneur la gastronomie ni\u00e7oise : socca, farcis, pissaladi\u00e8re, beignets de l\u00e9gumes et bien d\u2019autres sp\u00e9cialit\u00e9s locales.<\/p>\n\n\n\n<p>Que vous soyez un passionn\u00e9 de cyclisme ou un amateur de d\u00e9couvertes, cette cyclo vous promet une exp\u00e9rience unique, entre effort, plaisir et tradition.<\/p>\n\n\n\n<p>Fini la classique pasta party ! Ici, place \u00e0 une Pan Bagnat Party pour prolonger l\u2019exp\u00e9rience dans la plus pure tradition ni\u00e7oise sur le village de la course.<\/p>\n\n\n\n<p>Un rendez-vous \u00e0 ne pas manquer pour les amoureux de sport et de saveurs !<\/p>\n\n\n\n<div class=\"wp-block-columns is-layout-flex wp-container-core-columns-is-layout-9d6595d7 wp-block-columns-is-layout-flex\">\n<div class=\"wp-block-column is-layout-flow wp-block-column-is-layout-flow\"><\/div>\n<\/div>\n\n\n\n<figure class=\"wp-block-gallery has-nested-images columns-default is-cropped wp-block-gallery-1 is-layout-flex wp-block-gallery-is-layout-flex\">\n<figure class=\"wp-block-image size-large\"><img data-recalc-dims=\"1\" loading=\"lazy\" decoding=\"async\" width=\"640\" height=\"800\" data-attachment-id=\"23327\" data-permalink=\"https:\/\/www.larouelibre.fr\/blog\/2025\/07\/30\/course-la-cyclo-du-tour-des-alpes-maritimes\/1-4\/\" data-orig-file=\"https:\/\/i0.wp.com\/www.larouelibre.fr\/blog\/wp-content\/uploads\/2025\/07\/1-1.jpg?fit=1080%2C1350&amp;ssl=1\" data-orig-size=\"1080,1350\" data-comments-opened=\"1\" data-image-meta=\"{&quot;aperture&quot;:&quot;0&quot;,&quot;credit&quot;:&quot;&quot;,&quot;camera&quot;:&quot;&quot;,&quot;caption&quot;:&quot;&quot;,&quot;created_timestamp&quot;:&quot;0&quot;,&quot;copyright&quot;:&quot;&quot;,&quot;focal_length&quot;:&quot;0&quot;,&quot;iso&quot;:&quot;0&quot;,&quot;shutter_speed&quot;:&quot;0&quot;,&quot;title&quot;:&quot;&quot;,&quot;orientation&quot;:&quot;1&quot;}\" data-image-title=\"1\" data-image-description=\"\" data-image-caption=\"\" data-medium-file=\"https:\/\/i0.wp.com\/www.larouelibre.fr\/blog\/wp-content\/uploads\/2025\/07\/1-1.jpg?fit=320%2C400&amp;ssl=1\" data-large-file=\"https:\/\/i0.wp.com\/www.larouelibre.fr\/blog\/wp-content\/uploads\/2025\/07\/1-1.jpg?fit=640%2C800&amp;ssl=1\" data-id=\"23327\" src=\"https:\/\/i0.wp.com\/www.larouelibre.fr\/blog\/wp-content\/uploads\/2025\/07\/1-1.jpg?resize=640%2C800&#038;ssl=1\" alt=\"\" class=\"wp-image-23327\" srcset=\"https:\/\/i0.wp.com\/www.larouelibre.fr\/blog\/wp-content\/uploads\/2025\/07\/1-1.jpg?resize=640%2C800&amp;ssl=1 640w, https:\/\/i0.wp.com\/www.larouelibre.fr\/blog\/wp-content\/uploads\/2025\/07\/1-1.jpg?resize=320%2C400&amp;ssl=1 320w, https:\/\/i0.wp.com\/www.larouelibre.fr\/blog\/wp-content\/uploads\/2025\/07\/1-1.jpg?resize=768%2C960&amp;ssl=1 768w, https:\/\/i0.wp.com\/www.larouelibre.fr\/blog\/wp-content\/uploads\/2025\/07\/1-1.jpg?resize=696%2C870&amp;ssl=1 696w, https:\/\/i0.wp.com\/www.larouelibre.fr\/blog\/wp-content\/uploads\/2025\/07\/1-1.jpg?resize=1068%2C1335&amp;ssl=1 1068w, https:\/\/i0.wp.com\/www.larouelibre.fr\/blog\/wp-content\/uploads\/2025\/07\/1-1.jpg?w=1080&amp;ssl=1 1080w\" sizes=\"auto, (max-width: 640px) 100vw, 640px\" \/><\/figure>\n\n\n\n<figure class=\"wp-block-image size-large\"><img data-recalc-dims=\"1\" loading=\"lazy\" decoding=\"async\" width=\"640\" height=\"800\" data-attachment-id=\"23329\" data-permalink=\"https:\/\/www.larouelibre.fr\/blog\/2025\/07\/30\/course-la-cyclo-du-tour-des-alpes-maritimes\/2-3\/\" data-orig-file=\"https:\/\/i0.wp.com\/www.larouelibre.fr\/blog\/wp-content\/uploads\/2025\/07\/2-1.jpg?fit=1080%2C1350&amp;ssl=1\" data-orig-size=\"1080,1350\" data-comments-opened=\"1\" data-image-meta=\"{&quot;aperture&quot;:&quot;0&quot;,&quot;credit&quot;:&quot;&quot;,&quot;camera&quot;:&quot;&quot;,&quot;caption&quot;:&quot;&quot;,&quot;created_timestamp&quot;:&quot;0&quot;,&quot;copyright&quot;:&quot;&quot;,&quot;focal_length&quot;:&quot;0&quot;,&quot;iso&quot;:&quot;0&quot;,&quot;shutter_speed&quot;:&quot;0&quot;,&quot;title&quot;:&quot;&quot;,&quot;orientation&quot;:&quot;1&quot;}\" data-image-title=\"2\" data-image-description=\"\" data-image-caption=\"\" data-medium-file=\"https:\/\/i0.wp.com\/www.larouelibre.fr\/blog\/wp-content\/uploads\/2025\/07\/2-1.jpg?fit=320%2C400&amp;ssl=1\" data-large-file=\"https:\/\/i0.wp.com\/www.larouelibre.fr\/blog\/wp-content\/uploads\/2025\/07\/2-1.jpg?fit=640%2C800&amp;ssl=1\" data-id=\"23329\" src=\"https:\/\/i0.wp.com\/www.larouelibre.fr\/blog\/wp-content\/uploads\/2025\/07\/2-1.jpg?resize=640%2C800&#038;ssl=1\" alt=\"\" class=\"wp-image-23329\" srcset=\"https:\/\/i0.wp.com\/www.larouelibre.fr\/blog\/wp-content\/uploads\/2025\/07\/2-1.jpg?resize=640%2C800&amp;ssl=1 640w, https:\/\/i0.wp.com\/www.larouelibre.fr\/blog\/wp-content\/uploads\/2025\/07\/2-1.jpg?resize=320%2C400&amp;ssl=1 320w, https:\/\/i0.wp.com\/www.larouelibre.fr\/blog\/wp-content\/uploads\/2025\/07\/2-1.jpg?resize=768%2C960&amp;ssl=1 768w, https:\/\/i0.wp.com\/www.larouelibre.fr\/blog\/wp-content\/uploads\/2025\/07\/2-1.jpg?resize=696%2C870&amp;ssl=1 696w, https:\/\/i0.wp.com\/www.larouelibre.fr\/blog\/wp-content\/uploads\/2025\/07\/2-1.jpg?resize=1068%2C1335&amp;ssl=1 1068w, https:\/\/i0.wp.com\/www.larouelibre.fr\/blog\/wp-content\/uploads\/2025\/07\/2-1.jpg?w=1080&amp;ssl=1 1080w\" sizes=\"auto, (max-width: 640px) 100vw, 640px\" \/><\/figure>\n\n\n\n<figure class=\"wp-block-image size-large\"><img data-recalc-dims=\"1\" loading=\"lazy\" decoding=\"async\" width=\"640\" height=\"800\" data-attachment-id=\"23328\" data-permalink=\"https:\/\/www.larouelibre.fr\/blog\/2025\/07\/30\/course-la-cyclo-du-tour-des-alpes-maritimes\/3-4\/\" data-orig-file=\"https:\/\/i0.wp.com\/www.larouelibre.fr\/blog\/wp-content\/uploads\/2025\/07\/3-1.jpg?fit=1080%2C1350&amp;ssl=1\" data-orig-size=\"1080,1350\" data-comments-opened=\"1\" data-image-meta=\"{&quot;aperture&quot;:&quot;0&quot;,&quot;credit&quot;:&quot;&quot;,&quot;camera&quot;:&quot;&quot;,&quot;caption&quot;:&quot;&quot;,&quot;created_timestamp&quot;:&quot;0&quot;,&quot;copyright&quot;:&quot;&quot;,&quot;focal_length&quot;:&quot;0&quot;,&quot;iso&quot;:&quot;0&quot;,&quot;shutter_speed&quot;:&quot;0&quot;,&quot;title&quot;:&quot;&quot;,&quot;orientation&quot;:&quot;1&quot;}\" data-image-title=\"3\" data-image-description=\"\" data-image-caption=\"\" data-medium-file=\"https:\/\/i0.wp.com\/www.larouelibre.fr\/blog\/wp-content\/uploads\/2025\/07\/3-1.jpg?fit=320%2C400&amp;ssl=1\" data-large-file=\"https:\/\/i0.wp.com\/www.larouelibre.fr\/blog\/wp-content\/uploads\/2025\/07\/3-1.jpg?fit=640%2C800&amp;ssl=1\" data-id=\"23328\" src=\"https:\/\/i0.wp.com\/www.larouelibre.fr\/blog\/wp-content\/uploads\/2025\/07\/3-1.jpg?resize=640%2C800&#038;ssl=1\" alt=\"\" class=\"wp-image-23328\" srcset=\"https:\/\/i0.wp.com\/www.larouelibre.fr\/blog\/wp-content\/uploads\/2025\/07\/3-1.jpg?resize=640%2C800&amp;ssl=1 640w, https:\/\/i0.wp.com\/www.larouelibre.fr\/blog\/wp-content\/uploads\/2025\/07\/3-1.jpg?resize=320%2C400&amp;ssl=1 320w, https:\/\/i0.wp.com\/www.larouelibre.fr\/blog\/wp-content\/uploads\/2025\/07\/3-1.jpg?resize=768%2C960&amp;ssl=1 768w, https:\/\/i0.wp.com\/www.larouelibre.fr\/blog\/wp-content\/uploads\/2025\/07\/3-1.jpg?resize=696%2C870&amp;ssl=1 696w, https:\/\/i0.wp.com\/www.larouelibre.fr\/blog\/wp-content\/uploads\/2025\/07\/3-1.jpg?resize=1068%2C1335&amp;ssl=1 1068w, https:\/\/i0.wp.com\/www.larouelibre.fr\/blog\/wp-content\/uploads\/2025\/07\/3-1.jpg?w=1080&amp;ssl=1 1080w\" sizes=\"auto, (max-width: 640px) 100vw, 640px\" \/><\/figure>\n<\/figure>\n\n\n\n<h2 class=\"wp-block-heading\">Tarif<\/h2>\n\n\n\n<p><strong>89\u20ac<\/strong> &#8211;&gt; <strong>Profitez de -20\u20ac de r\u00e9duction avec le code LAROUELIBRE soit 69\u20ac le dossard!<\/strong><br>Taxes incluses.<\/p>\n\n\n\n<p><br><strong>MON PACK-INSCRIPTION comprend:<\/strong><\/p>\n\n\n\n<ul class=\"wp-block-list\">\n<li>Le maillot de la course<\/li>\n\n\n\n<li>Chronom\u00e9trage personnel avec pointages<\/li>\n\n\n\n<li>Cadeau dans le pack-inscription<\/li>\n\n\n\n<li>Parcours balis\u00e9<\/li>\n\n\n\n<li>Livret de route num\u00e9rique et trace GPX<\/li>\n\n\n\n<li>Des ravitaillements in\u00e9dits et des \u00e9quipes de b\u00e9n\u00e9voles souriants tout au long du parcours<\/li>\n\n\n\n<li>Pan Bagna party<\/li>\n<\/ul>\n\n\n\n<h2 class=\"wp-block-heading\">Horaires<\/h2>\n\n\n\n<p>Le 20 septembre 2025<\/p>\n\n\n\n<h2 class=\"wp-block-heading\">Inscriptions<\/h2>\n\n\n\n<p>Pour vous inscrire, cliquez sur le lien: <a href=\"https:\/\/nm-events.com\/pages\/cyclo\">https:\/\/nm-events.com\/pages\/cyclo<\/a><\/p>\n\n\n\n<p>Et n&rsquo;oubliez pas votre code:<strong> LAROUELIBRE<\/strong><\/p>\n\n\n\n<div style=\"height:100px\" aria-hidden=\"true\" class=\"wp-block-spacer\"><\/div>\n\n\n\n<div class=\"wp-block-buttons is-layout-flex wp-block-buttons-is-layout-flex\">\n<div class=\"wp-block-button has-custom-width wp-block-button__width-100 is-style-round\"><a class=\"wp-block-button__link has-luminous-vivid-amber-background-color has-background has-regular-font-size has-custom-font-size wp-element-button\" href=\"https:\/\/nm-events.com\/pages\/cyclo\">Je m&rsquo;inscris!<\/a><\/div>\n<\/div>\n","protected":false},"excerpt":{"rendered":"<p>Affrontez les cols mythiques des Alpes-Maritimes comme les pros !Rendez-vous le samedi 20 septembre pour la toute premi\u00e8re \u00e9dition de la Cyclo du Tour des Alpes-Maritimes by Cr\u00e9dit Agricole Provence C\u00f4te d\u2019Azur Pr\u00e9parez-vous pour une cyclo in\u00e9dite, alliant d\u00e9fi sportif et ambiance festive au c\u0153ur des somptueux paysages de l\u2019arri\u00e8re-pays ni\u00e7ois. Plus qu\u2019une simple course, [&hellip;]<\/p>\n","protected":false},"author":1,"featured_media":23322,"comment_status":"open","ping_status":"open","sticky":false,"template":"","format":"standard","meta":{"jetpack_post_was_ever_published":false,"_jetpack_newsletter_access":"","_jetpack_dont_email_post_to_subs":false,"_jetpack_newsletter_tier_id":0,"_jetpack_memberships_contains_paywalled_content":false,"_jetpack_memberships_contains_paid_content":false,"footnotes":"","jetpack_publicize_message":"","jetpack_publicize_feature_enabled":true,"jetpack_social_post_already_shared":true,"jetpack_social_options":{"image_generator_settings":{"template":"highway","default_image_id":0,"font":"","enabled":false},"version":2}},"categories":[1],"tags":[],"class_list":{"0":"post-23321","1":"post","2":"type-post","3":"status-publish","4":"format-standard","5":"has-post-thumbnail","7":"category-non-classe"},"yoast_head":"<!-- This site is optimized with the Yoast SEO plugin v26.5 - https:\/\/yoast.com\/wordpress\/plugins\/seo\/ -->\n<title>Course: La Cyclo du Tour des Alpes Maritimes - La Roue Libre<\/title>\n<meta name=\"robots\" content=\"index, follow, max-snippet:-1, max-image-preview:large, max-video-preview:-1\" \/>\n<link rel=\"canonical\" href=\"https:\/\/www.larouelibre.fr\/blog\/2025\/07\/30\/course-la-cyclo-du-tour-des-alpes-maritimes\/\" \/>\n<meta property=\"og:locale\" content=\"fr_FR\" \/>\n<meta property=\"og:type\" content=\"article\" \/>\n<meta property=\"og:title\" content=\"Course: La Cyclo du Tour des Alpes Maritimes - La Roue Libre\" \/>\n<meta property=\"og:description\" content=\"Affrontez les cols mythiques des Alpes-Maritimes comme les pros !Rendez-vous le samedi 20 septembre pour la toute premi\u00e8re \u00e9dition de la Cyclo du Tour des Alpes-Maritimes by Cr\u00e9dit Agricole Provence C\u00f4te d\u2019Azur Pr\u00e9parez-vous pour une cyclo in\u00e9dite, alliant d\u00e9fi sportif et ambiance festive au c\u0153ur des somptueux paysages de l\u2019arri\u00e8re-pays ni\u00e7ois. Plus qu\u2019une simple course, [&hellip;]\" \/>\n<meta property=\"og:url\" content=\"https:\/\/www.larouelibre.fr\/blog\/2025\/07\/30\/course-la-cyclo-du-tour-des-alpes-maritimes\/\" \/>\n<meta property=\"og:site_name\" content=\"La Roue Libre\" \/>\n<meta property=\"article:published_time\" content=\"2025-07-30T05:47:14+00:00\" \/>\n<meta property=\"article:modified_time\" content=\"2025-07-30T05:48:03+00:00\" \/>\n<meta property=\"og:image\" content=\"https:\/\/www.larouelibre.fr\/blog\/wp-content\/uploads\/2025\/07\/D7BAD90A-6609-4E31-B3AE-5FACD5560AA9.webp\" \/>\n\t<meta property=\"og:image:width\" content=\"823\" \/>\n\t<meta property=\"og:image:height\" content=\"1163\" \/>\n\t<meta property=\"og:image:type\" content=\"image\/webp\" \/>\n<meta name=\"author\" content=\"La Roue Libre\" \/>\n<meta name=\"twitter:card\" content=\"summary_large_image\" \/>\n<meta name=\"twitter:label1\" content=\"\u00c9crit par\" \/>\n\t<meta name=\"twitter:data1\" content=\"La Roue Libre\" \/>\n\t<meta name=\"twitter:label2\" content=\"Dur\u00e9e de lecture estim\u00e9e\" \/>\n\t<meta name=\"twitter:data2\" content=\"3 minutes\" \/>\n<script type=\"application\/ld+json\" class=\"yoast-schema-graph\">{\"@context\":\"https:\/\/schema.org\",\"@graph\":[{\"@type\":\"WebPage\",\"@id\":\"https:\/\/www.larouelibre.fr\/blog\/2025\/07\/30\/course-la-cyclo-du-tour-des-alpes-maritimes\/\",\"url\":\"https:\/\/www.larouelibre.fr\/blog\/2025\/07\/30\/course-la-cyclo-du-tour-des-alpes-maritimes\/\",\"name\":\"Course: La Cyclo du Tour des Alpes Maritimes - La Roue Libre\",\"isPartOf\":{\"@id\":\"https:\/\/www.larouelibre.fr\/blog\/#website\"},\"primaryImageOfPage\":{\"@id\":\"https:\/\/www.larouelibre.fr\/blog\/2025\/07\/30\/course-la-cyclo-du-tour-des-alpes-maritimes\/#primaryimage\"},\"image\":{\"@id\":\"https:\/\/www.larouelibre.fr\/blog\/2025\/07\/30\/course-la-cyclo-du-tour-des-alpes-maritimes\/#primaryimage\"},\"thumbnailUrl\":\"https:\/\/i0.wp.com\/www.larouelibre.fr\/blog\/wp-content\/uploads\/2025\/07\/D7BAD90A-6609-4E31-B3AE-5FACD5560AA9.webp?fit=823%2C1163&ssl=1\",\"datePublished\":\"2025-07-30T05:47:14+00:00\",\"dateModified\":\"2025-07-30T05:48:03+00:00\",\"author\":{\"@id\":\"https:\/\/www.larouelibre.fr\/blog\/#\/schema\/person\/f0e3bfb9ee3260832293b637a20dfca0\"},\"breadcrumb\":{\"@id\":\"https:\/\/www.larouelibre.fr\/blog\/2025\/07\/30\/course-la-cyclo-du-tour-des-alpes-maritimes\/#breadcrumb\"},\"inLanguage\":\"fr-FR\",\"potentialAction\":[{\"@type\":\"ReadAction\",\"target\":[\"https:\/\/www.larouelibre.fr\/blog\/2025\/07\/30\/course-la-cyclo-du-tour-des-alpes-maritimes\/\"]}]},{\"@type\":\"ImageObject\",\"inLanguage\":\"fr-FR\",\"@id\":\"https:\/\/www.larouelibre.fr\/blog\/2025\/07\/30\/course-la-cyclo-du-tour-des-alpes-maritimes\/#primaryimage\",\"url\":\"https:\/\/i0.wp.com\/www.larouelibre.fr\/blog\/wp-content\/uploads\/2025\/07\/D7BAD90A-6609-4E31-B3AE-5FACD5560AA9.webp?fit=823%2C1163&ssl=1\",\"contentUrl\":\"https:\/\/i0.wp.com\/www.larouelibre.fr\/blog\/wp-content\/uploads\/2025\/07\/D7BAD90A-6609-4E31-B3AE-5FACD5560AA9.webp?fit=823%2C1163&ssl=1\",\"width\":823,\"height\":1163},{\"@type\":\"BreadcrumbList\",\"@id\":\"https:\/\/www.larouelibre.fr\/blog\/2025\/07\/30\/course-la-cyclo-du-tour-des-alpes-maritimes\/#breadcrumb\",\"itemListElement\":[{\"@type\":\"ListItem\",\"position\":1,\"name\":\"Accueil\",\"item\":\"https:\/\/www.larouelibre.fr\/blog\/\"},{\"@type\":\"ListItem\",\"position\":2,\"name\":\"Course: La Cyclo du Tour des Alpes Maritimes\"}]},{\"@type\":\"WebSite\",\"@id\":\"https:\/\/www.larouelibre.fr\/blog\/#website\",\"url\":\"https:\/\/www.larouelibre.fr\/blog\/\",\"name\":\"La Roue Libre\",\"description\":\"Votre sp\u00e9cialiste cycle, v\u00e9lo \u00e9lectrique, vtt, v\u00e9lo route \u00e0 Nice et cagnes sur mer\",\"potentialAction\":[{\"@type\":\"SearchAction\",\"target\":{\"@type\":\"EntryPoint\",\"urlTemplate\":\"https:\/\/www.larouelibre.fr\/blog\/?s={search_term_string}\"},\"query-input\":{\"@type\":\"PropertyValueSpecification\",\"valueRequired\":true,\"valueName\":\"search_term_string\"}}],\"inLanguage\":\"fr-FR\"},{\"@type\":\"Person\",\"@id\":\"https:\/\/www.larouelibre.fr\/blog\/#\/schema\/person\/f0e3bfb9ee3260832293b637a20dfca0\",\"name\":\"La Roue Libre\",\"image\":{\"@type\":\"ImageObject\",\"inLanguage\":\"fr-FR\",\"@id\":\"https:\/\/www.larouelibre.fr\/blog\/#\/schema\/person\/image\/\",\"url\":\"https:\/\/secure.gravatar.com\/avatar\/1f3fcb4fdc3a87d34bf1800c7dafbf15c6ab72f0bc50ff91c79228824fd096e6?s=96&d=mm&r=g\",\"contentUrl\":\"https:\/\/secure.gravatar.com\/avatar\/1f3fcb4fdc3a87d34bf1800c7dafbf15c6ab72f0bc50ff91c79228824fd096e6?s=96&d=mm&r=g\",\"caption\":\"La Roue Libre\"},\"description\":\"Votre sp\u00e9cialiste cycle, VTT, v\u00e9los \u00e9lectriques et route depuis 1977!\",\"sameAs\":[\"https:\/\/www.larouelibre.fr\/\"],\"url\":\"https:\/\/www.larouelibre.fr\/blog\/author\/lrl\/\"}]}<\/script>\n<!-- \/ Yoast SEO plugin. -->","yoast_head_json":{"title":"Course: La Cyclo du Tour des Alpes Maritimes - La Roue Libre","robots":{"index":"index","follow":"follow","max-snippet":"max-snippet:-1","max-image-preview":"max-image-preview:large","max-video-preview":"max-video-preview:-1"},"canonical":"https:\/\/www.larouelibre.fr\/blog\/2025\/07\/30\/course-la-cyclo-du-tour-des-alpes-maritimes\/","og_locale":"fr_FR","og_type":"article","og_title":"Course: La Cyclo du Tour des Alpes Maritimes - La Roue Libre","og_description":"Affrontez les cols mythiques des Alpes-Maritimes comme les pros !Rendez-vous le samedi 20 septembre pour la toute premi\u00e8re \u00e9dition de la Cyclo du Tour des Alpes-Maritimes by Cr\u00e9dit Agricole Provence C\u00f4te d\u2019Azur Pr\u00e9parez-vous pour une cyclo in\u00e9dite, alliant d\u00e9fi sportif et ambiance festive au c\u0153ur des somptueux paysages de l\u2019arri\u00e8re-pays ni\u00e7ois. Plus qu\u2019une simple course, [&hellip;]","og_url":"https:\/\/www.larouelibre.fr\/blog\/2025\/07\/30\/course-la-cyclo-du-tour-des-alpes-maritimes\/","og_site_name":"La Roue Libre","article_published_time":"2025-07-30T05:47:14+00:00","article_modified_time":"2025-07-30T05:48:03+00:00","og_image":[{"width":823,"height":1163,"url":"https:\/\/www.larouelibre.fr\/blog\/wp-content\/uploads\/2025\/07\/D7BAD90A-6609-4E31-B3AE-5FACD5560AA9.webp","type":"image\/webp"}],"author":"La Roue Libre","twitter_card":"summary_large_image","twitter_misc":{"\u00c9crit par":"La Roue Libre","Dur\u00e9e de lecture estim\u00e9e":"3 minutes"},"schema":{"@context":"https:\/\/schema.org","@graph":[{"@type":"WebPage","@id":"https:\/\/www.larouelibre.fr\/blog\/2025\/07\/30\/course-la-cyclo-du-tour-des-alpes-maritimes\/","url":"https:\/\/www.larouelibre.fr\/blog\/2025\/07\/30\/course-la-cyclo-du-tour-des-alpes-maritimes\/","name":"Course: La Cyclo du Tour des Alpes Maritimes - La Roue Libre","isPartOf":{"@id":"https:\/\/www.larouelibre.fr\/blog\/#website"},"primaryImageOfPage":{"@id":"https:\/\/www.larouelibre.fr\/blog\/2025\/07\/30\/course-la-cyclo-du-tour-des-alpes-maritimes\/#primaryimage"},"image":{"@id":"https:\/\/www.larouelibre.fr\/blog\/2025\/07\/30\/course-la-cyclo-du-tour-des-alpes-maritimes\/#primaryimage"},"thumbnailUrl":"https:\/\/i0.wp.com\/www.larouelibre.fr\/blog\/wp-content\/uploads\/2025\/07\/D7BAD90A-6609-4E31-B3AE-5FACD5560AA9.webp?fit=823%2C1163&ssl=1","datePublished":"2025-07-30T05:47:14+00:00","dateModified":"2025-07-30T05:48:03+00:00","author":{"@id":"https:\/\/www.larouelibre.fr\/blog\/#\/schema\/person\/f0e3bfb9ee3260832293b637a20dfca0"},"breadcrumb":{"@id":"https:\/\/www.larouelibre.fr\/blog\/2025\/07\/30\/course-la-cyclo-du-tour-des-alpes-maritimes\/#breadcrumb"},"inLanguage":"fr-FR","potentialAction":[{"@type":"ReadAction","target":["https:\/\/www.larouelibre.fr\/blog\/2025\/07\/30\/course-la-cyclo-du-tour-des-alpes-maritimes\/"]}]},{"@type":"ImageObject","inLanguage":"fr-FR","@id":"https:\/\/www.larouelibre.fr\/blog\/2025\/07\/30\/course-la-cyclo-du-tour-des-alpes-maritimes\/#primaryimage","url":"https:\/\/i0.wp.com\/www.larouelibre.fr\/blog\/wp-content\/uploads\/2025\/07\/D7BAD90A-6609-4E31-B3AE-5FACD5560AA9.webp?fit=823%2C1163&ssl=1","contentUrl":"https:\/\/i0.wp.com\/www.larouelibre.fr\/blog\/wp-content\/uploads\/2025\/07\/D7BAD90A-6609-4E31-B3AE-5FACD5560AA9.webp?fit=823%2C1163&ssl=1","width":823,"height":1163},{"@type":"BreadcrumbList","@id":"https:\/\/www.larouelibre.fr\/blog\/2025\/07\/30\/course-la-cyclo-du-tour-des-alpes-maritimes\/#breadcrumb","itemListElement":[{"@type":"ListItem","position":1,"name":"Accueil","item":"https:\/\/www.larouelibre.fr\/blog\/"},{"@type":"ListItem","position":2,"name":"Course: La Cyclo du Tour des Alpes Maritimes"}]},{"@type":"WebSite","@id":"https:\/\/www.larouelibre.fr\/blog\/#website","url":"https:\/\/www.larouelibre.fr\/blog\/","name":"La Roue Libre","description":"Votre sp\u00e9cialiste cycle, v\u00e9lo \u00e9lectrique, vtt, v\u00e9lo route \u00e0 Nice et cagnes sur mer","potentialAction":[{"@type":"SearchAction","target":{"@type":"EntryPoint","urlTemplate":"https:\/\/www.larouelibre.fr\/blog\/?s={search_term_string}"},"query-input":{"@type":"PropertyValueSpecification","valueRequired":true,"valueName":"search_term_string"}}],"inLanguage":"fr-FR"},{"@type":"Person","@id":"https:\/\/www.larouelibre.fr\/blog\/#\/schema\/person\/f0e3bfb9ee3260832293b637a20dfca0","name":"La Roue Libre","image":{"@type":"ImageObject","inLanguage":"fr-FR","@id":"https:\/\/www.larouelibre.fr\/blog\/#\/schema\/person\/image\/","url":"https:\/\/secure.gravatar.com\/avatar\/1f3fcb4fdc3a87d34bf1800c7dafbf15c6ab72f0bc50ff91c79228824fd096e6?s=96&d=mm&r=g","contentUrl":"https:\/\/secure.gravatar.com\/avatar\/1f3fcb4fdc3a87d34bf1800c7dafbf15c6ab72f0bc50ff91c79228824fd096e6?s=96&d=mm&r=g","caption":"La Roue Libre"},"description":"Votre sp\u00e9cialiste cycle, VTT, v\u00e9los \u00e9lectriques et route depuis 1977!","sameAs":["https:\/\/www.larouelibre.fr\/"],"url":"https:\/\/www.larouelibre.fr\/blog\/author\/lrl\/"}]}},"jetpack_publicize_connections":[],"jetpack_featured_media_url":"https:\/\/i0.wp.com\/www.larouelibre.fr\/blog\/wp-content\/uploads\/2025\/07\/D7BAD90A-6609-4E31-B3AE-5FACD5560AA9.webp?fit=823%2C1163&ssl=1","jetpack_sharing_enabled":true,"jetpack_shortlink":"https:\/\/wp.me\/p7po7v-649","jetpack-related-posts":[{"id":23246,"url":"https:\/\/www.larouelibre.fr\/blog\/2025\/04\/18\/du-nouveau-chez-santacruz\/","url_meta":{"origin":23321,"position":0},"title":"DU NOUVEAU CHEZ SANTACRUZ","author":"La Roue Libre","date":"18 avril 2025","format":false,"excerpt":"La farandole des VTT \u00e9lectriques haut de gamme continue. Apr\u00e8s l'annonce de l'arriv\u00e9e en magasin de la marque Canadienne Forbidden, c'est aujourd'hui du c\u00f4t\u00e9 de la marque am\u00e9ricaine SantaCruz qu'il y a du nouveau! Les pilotes qui cherchent un v\u00e9lo pour envoyer du lourd vont \u00eatre servis, car c'est un\u2026","rel":"","context":"Dans &quot;Non class\u00e9&quot;","block_context":{"text":"Non class\u00e9","link":"https:\/\/www.larouelibre.fr\/blog\/category\/non-classe\/"},"img":{"alt_text":"","src":"https:\/\/i0.wp.com\/www.larouelibre.fr\/blog\/wp-content\/uploads\/2025\/04\/PG_250210_SantaCruz_00794.webp?fit=1000%2C667&ssl=1&resize=350%2C200","width":350,"height":200,"srcset":"https:\/\/i0.wp.com\/www.larouelibre.fr\/blog\/wp-content\/uploads\/2025\/04\/PG_250210_SantaCruz_00794.webp?fit=1000%2C667&ssl=1&resize=350%2C200 1x, https:\/\/i0.wp.com\/www.larouelibre.fr\/blog\/wp-content\/uploads\/2025\/04\/PG_250210_SantaCruz_00794.webp?fit=1000%2C667&ssl=1&resize=525%2C300 1.5x, https:\/\/i0.wp.com\/www.larouelibre.fr\/blog\/wp-content\/uploads\/2025\/04\/PG_250210_SantaCruz_00794.webp?fit=1000%2C667&ssl=1&resize=700%2C400 2x"},"classes":[]},{"id":21867,"url":"https:\/\/www.larouelibre.fr\/blog\/2021\/04\/20\/yuba-bikes-de-nouveaux-velos-cargos-arrivent-en-magasin\/","url_meta":{"origin":23321,"position":1},"title":"Yuba Bikes: de nouveaux v\u00e9los cargos arrivent en magasin!","author":"La Roue Libre","date":"20 avril 2021","format":false,"excerpt":"Vous souhaitez laisser votre voiture au garage et pouvoir emmener vos enfants ou m\u00eame des affaires encombrantes sur votre v\u00e9lo? C'est maintenant possible! Yuba bikes, v\u00e9los imagin\u00e9s en Californie depuis 14 ans, fait \u00e9voluer le v\u00e9lo dit \"cargo\" et vous permet de choisir l'\u00e9volution de votre v\u00e9lo en fonction de\u2026","rel":"","context":"Dans &quot;Non class\u00e9&quot;","block_context":{"text":"Non class\u00e9","link":"https:\/\/www.larouelibre.fr\/blog\/category\/non-classe\/"},"img":{"alt_text":"","src":"https:\/\/i0.wp.com\/www.larouelibre.fr\/blog\/wp-content\/uploads\/2021\/04\/yuba_photo2.jpg?fit=1200%2C862&ssl=1&resize=350%2C200","width":350,"height":200,"srcset":"https:\/\/i0.wp.com\/www.larouelibre.fr\/blog\/wp-content\/uploads\/2021\/04\/yuba_photo2.jpg?fit=1200%2C862&ssl=1&resize=350%2C200 1x, https:\/\/i0.wp.com\/www.larouelibre.fr\/blog\/wp-content\/uploads\/2021\/04\/yuba_photo2.jpg?fit=1200%2C862&ssl=1&resize=525%2C300 1.5x, https:\/\/i0.wp.com\/www.larouelibre.fr\/blog\/wp-content\/uploads\/2021\/04\/yuba_photo2.jpg?fit=1200%2C862&ssl=1&resize=700%2C400 2x, https:\/\/i0.wp.com\/www.larouelibre.fr\/blog\/wp-content\/uploads\/2021\/04\/yuba_photo2.jpg?fit=1200%2C862&ssl=1&resize=1050%2C600 3x"},"classes":[]},{"id":23335,"url":"https:\/\/www.larouelibre.fr\/blog\/2025\/08\/26\/orbea-arrive-en-magasin\/","url_meta":{"origin":23321,"position":2},"title":"ORBEA arrive en magasin!","author":"La Roue Libre","date":"26 ao\u00fbt 2025","format":false,"excerpt":"La rentr\u00e9e approche \u00e0 grands pas, et avec elle son lot de nouveaut\u00e9s... Parmi elles, une nouvelle marque fait son apparition dans nos magasins de Nice et Cagnes-sur-Mer. Une des marques les plus anciennes de v\u00e9lo, qui nous vient d'un pays voisin, l'Espagne. Une marque rendue c\u00e9l\u00e8bre par un de\u2026","rel":"","context":"Dans &quot;Non class\u00e9&quot;","block_context":{"text":"Non class\u00e9","link":"https:\/\/www.larouelibre.fr\/blog\/category\/non-classe\/"},"img":{"alt_text":"","src":"https:\/\/i0.wp.com\/www.larouelibre.fr\/blog\/wp-content\/uploads\/2025\/08\/wild_home_2000x1100.jpg?fit=1200%2C660&ssl=1&resize=350%2C200","width":350,"height":200,"srcset":"https:\/\/i0.wp.com\/www.larouelibre.fr\/blog\/wp-content\/uploads\/2025\/08\/wild_home_2000x1100.jpg?fit=1200%2C660&ssl=1&resize=350%2C200 1x, https:\/\/i0.wp.com\/www.larouelibre.fr\/blog\/wp-content\/uploads\/2025\/08\/wild_home_2000x1100.jpg?fit=1200%2C660&ssl=1&resize=525%2C300 1.5x, https:\/\/i0.wp.com\/www.larouelibre.fr\/blog\/wp-content\/uploads\/2025\/08\/wild_home_2000x1100.jpg?fit=1200%2C660&ssl=1&resize=700%2C400 2x, https:\/\/i0.wp.com\/www.larouelibre.fr\/blog\/wp-content\/uploads\/2025\/08\/wild_home_2000x1100.jpg?fit=1200%2C660&ssl=1&resize=1050%2C600 3x"},"classes":[]},{"id":22668,"url":"https:\/\/www.larouelibre.fr\/blog\/2022\/09\/12\/testez-nos-velos-cargo\/","url_meta":{"origin":23321,"position":3},"title":"TESTEZ NOS VELOS CARGOS!","author":"La Roue Libre","date":"12 septembre 2022","format":false,"excerpt":"Bonne nouvelle pour la rentr\u00e9e, nous vous proposons d'essayer nos v\u00e9los cargos! Deux mod\u00e8les sont disponibles en test, le Yuba Fastrack et le Yuba Spicy Curry. Ses mod\u00e8les peuvent \u00eatre associ\u00e9s avec les accessoires que vous souhaitez pour que vous puissiez les tester en conditions r\u00e9elles. Porte b\u00e9b\u00e9, si\u00e8ge adulte,\u2026","rel":"","context":"Dans &quot;Non class\u00e9&quot;","block_context":{"text":"Non class\u00e9","link":"https:\/\/www.larouelibre.fr\/blog\/category\/non-classe\/"},"img":{"alt_text":"","src":"https:\/\/i0.wp.com\/www.larouelibre.fr\/blog\/wp-content\/uploads\/2022\/08\/Yuba_bikes_Supercargo_Orange_2be3_kids.jpg?fit=960%2C960&ssl=1&resize=350%2C200","width":350,"height":200,"srcset":"https:\/\/i0.wp.com\/www.larouelibre.fr\/blog\/wp-content\/uploads\/2022\/08\/Yuba_bikes_Supercargo_Orange_2be3_kids.jpg?fit=960%2C960&ssl=1&resize=350%2C200 1x, https:\/\/i0.wp.com\/www.larouelibre.fr\/blog\/wp-content\/uploads\/2022\/08\/Yuba_bikes_Supercargo_Orange_2be3_kids.jpg?fit=960%2C960&ssl=1&resize=525%2C300 1.5x, https:\/\/i0.wp.com\/www.larouelibre.fr\/blog\/wp-content\/uploads\/2022\/08\/Yuba_bikes_Supercargo_Orange_2be3_kids.jpg?fit=960%2C960&ssl=1&resize=700%2C400 2x"},"classes":[]},{"id":22582,"url":"https:\/\/www.larouelibre.fr\/blog\/2022\/07\/22\/nouveaux-maillots-disponibles-en-magasin\/","url_meta":{"origin":23321,"position":4},"title":"Nouveaux maillots disponibles en magasin!","author":"La Roue Libre","date":"22 juillet 2022","format":false,"excerpt":"Si vous voulez rouler \"diff\u00e9rent\" et \u00eatre original, c'est enfin possible et sans se ruiner dans nos magasins! La Roue Libre a travaill\u00e9 en collaboration avec l'illustrateur ni\u00e7ois Coun pour dessiner une s\u00e9rie de maillots d\u00e9di\u00e9s aux ni\u00e7ois et aux amoureux de la petite reine! Une s\u00e9lection de maillots cr\u00e9atifs\u2026","rel":"","context":"Dans &quot;Non class\u00e9&quot;","block_context":{"text":"Non class\u00e9","link":"https:\/\/www.larouelibre.fr\/blog\/category\/non-classe\/"},"img":{"alt_text":"","src":"https:\/\/i0.wp.com\/www.larouelibre.fr\/blog\/wp-content\/uploads\/2022\/07\/photo_article-scaled.jpg?fit=1200%2C1034&ssl=1&resize=350%2C200","width":350,"height":200,"srcset":"https:\/\/i0.wp.com\/www.larouelibre.fr\/blog\/wp-content\/uploads\/2022\/07\/photo_article-scaled.jpg?fit=1200%2C1034&ssl=1&resize=350%2C200 1x, https:\/\/i0.wp.com\/www.larouelibre.fr\/blog\/wp-content\/uploads\/2022\/07\/photo_article-scaled.jpg?fit=1200%2C1034&ssl=1&resize=525%2C300 1.5x, https:\/\/i0.wp.com\/www.larouelibre.fr\/blog\/wp-content\/uploads\/2022\/07\/photo_article-scaled.jpg?fit=1200%2C1034&ssl=1&resize=700%2C400 2x, https:\/\/i0.wp.com\/www.larouelibre.fr\/blog\/wp-content\/uploads\/2022\/07\/photo_article-scaled.jpg?fit=1200%2C1034&ssl=1&resize=1050%2C600 3x"},"classes":[]},{"id":23122,"url":"https:\/\/www.larouelibre.fr\/blog\/2024\/05\/06\/la-collection-printemps-ete-ale-est-arrivee-en-magasin\/","url_meta":{"origin":23321,"position":5},"title":"La collection Printemps-\u00c9t\u00e9 Ale est arriv\u00e9e en magasin!","author":"La Roue Libre","date":"6 mai 2024","format":false,"excerpt":"En attendant l'arriv\u00e9e du beau temps, qui ont l'esp\u00e8re arrivera (enfin!) bient\u00f4t, vous pouvez d'ore et d\u00e9j\u00e0 venir d\u00e9couvrir la gamme Ale Cycling Printemps \u00e9t\u00e9. Une gamme haute en couleur avec toujours des prix comp\u00e9titifs pour une qualit\u00e9 Made in Italy! Cuissards et maillots, vous aurez de quoi refaire votre\u2026","rel":"","context":"Dans &quot;news&quot;","block_context":{"text":"news","link":"https:\/\/www.larouelibre.fr\/blog\/category\/news\/"},"img":{"alt_text":"","src":"https:\/\/i0.wp.com\/www.larouelibre.fr\/blog\/wp-content\/uploads\/2024\/05\/in_action_L24074494_FOLLOW-ME_2.jpg?fit=1200%2C837&ssl=1&resize=350%2C200","width":350,"height":200,"srcset":"https:\/\/i0.wp.com\/www.larouelibre.fr\/blog\/wp-content\/uploads\/2024\/05\/in_action_L24074494_FOLLOW-ME_2.jpg?fit=1200%2C837&ssl=1&resize=350%2C200 1x, https:\/\/i0.wp.com\/www.larouelibre.fr\/blog\/wp-content\/uploads\/2024\/05\/in_action_L24074494_FOLLOW-ME_2.jpg?fit=1200%2C837&ssl=1&resize=525%2C300 1.5x, https:\/\/i0.wp.com\/www.larouelibre.fr\/blog\/wp-content\/uploads\/2024\/05\/in_action_L24074494_FOLLOW-ME_2.jpg?fit=1200%2C837&ssl=1&resize=700%2C400 2x, https:\/\/i0.wp.com\/www.larouelibre.fr\/blog\/wp-content\/uploads\/2024\/05\/in_action_L24074494_FOLLOW-ME_2.jpg?fit=1200%2C837&ssl=1&resize=1050%2C600 3x"},"classes":[]}],"_links":{"self":[{"href":"https:\/\/www.larouelibre.fr\/blog\/wp-json\/wp\/v2\/posts\/23321","targetHints":{"allow":["GET"]}}],"collection":[{"href":"https:\/\/www.larouelibre.fr\/blog\/wp-json\/wp\/v2\/posts"}],"about":[{"href":"https:\/\/www.larouelibre.fr\/blog\/wp-json\/wp\/v2\/types\/post"}],"author":[{"embeddable":true,"href":"https:\/\/www.larouelibre.fr\/blog\/wp-json\/wp\/v2\/users\/1"}],"replies":[{"embeddable":true,"href":"https:\/\/www.larouelibre.fr\/blog\/wp-json\/wp\/v2\/comments?post=23321"}],"version-history":[{"count":2,"href":"https:\/\/www.larouelibre.fr\/blog\/wp-json\/wp\/v2\/posts\/23321\/revisions"}],"predecessor-version":[{"id":23330,"href":"https:\/\/www.larouelibre.fr\/blog\/wp-json\/wp\/v2\/posts\/23321\/revisions\/23330"}],"wp:featuredmedia":[{"embeddable":true,"href":"https:\/\/www.larouelibre.fr\/blog\/wp-json\/wp\/v2\/media\/23322"}],"wp:attachment":[{"href":"https:\/\/www.larouelibre.fr\/blog\/wp-json\/wp\/v2\/media?parent=23321"}],"wp:term":[{"taxonomy":"category","embeddable":true,"href":"https:\/\/www.larouelibre.fr\/blog\/wp-json\/wp\/v2\/categories?post=23321"},{"taxonomy":"post_tag","embeddable":true,"href":"https:\/\/www.larouelibre.fr\/blog\/wp-json\/wp\/v2\/tags?post=23321"}],"curies":[{"name":"wp","href":"https:\/\/api.w.org\/{rel}","templated":true}]}}