{"id":23153,"date":"2024-06-03T11:28:30","date_gmt":"2024-06-03T09:28:30","guid":{"rendered":"https:\/\/www.larouelibre.fr\/blog\/?p=23153"},"modified":"2024-06-03T11:28:33","modified_gmt":"2024-06-03T09:28:33","slug":"moustache-dimanche-28-la-nouveaute-attendue-de-2024","status":"publish","type":"post","link":"https:\/\/www.larouelibre.fr\/blog\/2024\/06\/03\/moustache-dimanche-28-la-nouveaute-attendue-de-2024\/","title":{"rendered":"MOUSTACHE DIMANCHE 28: la nouveaut\u00e9 attendue de 2024!"},"content":{"rendered":"\n<p class=\"has-text-align-justify\">C&rsquo;est un v\u00e9lo attendu depuis quelques moi par les routards recherchant un v\u00e9lo l\u00e9ger avec une bonne autonomie&#8230; Equip\u00e9 du tout nouveau moteur Bosch SX, avec la possibilit\u00e9 d&rsquo;ajout\u00e9 la nouvelle batterie Bosch Powermore et un look r\u00e9ussi, cela en fait sans doutes le v\u00e9lo de l&rsquo;ann\u00e9e 2024!<\/p>\n\n\n<div class=\"wp-block-image\">\n<figure class=\"aligncenter size-large\"><img data-recalc-dims=\"1\" loading=\"lazy\" decoding=\"async\" width=\"696\" height=\"392\" data-attachment-id=\"23154\" data-permalink=\"https:\/\/www.larouelibre.fr\/blog\/2024\/06\/03\/moustache-dimanche-28-la-nouveaute-attendue-de-2024\/16x9-exe-decor-dim28-ok-1-1500x844-1\/\" data-orig-file=\"https:\/\/i0.wp.com\/www.larouelibre.fr\/blog\/wp-content\/uploads\/2024\/06\/16x9-exe-decor-dim28-ok-1-1500x844-1.jpg?fit=1500%2C844&amp;ssl=1\" data-orig-size=\"1500,844\" data-comments-opened=\"1\" data-image-meta=\"{&quot;aperture&quot;:&quot;0&quot;,&quot;credit&quot;:&quot;&quot;,&quot;camera&quot;:&quot;&quot;,&quot;caption&quot;:&quot;&quot;,&quot;created_timestamp&quot;:&quot;0&quot;,&quot;copyright&quot;:&quot;&quot;,&quot;focal_length&quot;:&quot;0&quot;,&quot;iso&quot;:&quot;0&quot;,&quot;shutter_speed&quot;:&quot;0&quot;,&quot;title&quot;:&quot;&quot;,&quot;orientation&quot;:&quot;0&quot;}\" data-image-title=\"16&amp;#215;9-exe-decor-dim28-ok-1-1500&amp;#215;844-1\" data-image-description=\"\" data-image-caption=\"\" data-medium-file=\"https:\/\/i0.wp.com\/www.larouelibre.fr\/blog\/wp-content\/uploads\/2024\/06\/16x9-exe-decor-dim28-ok-1-1500x844-1.jpg?fit=711%2C400&amp;ssl=1\" data-large-file=\"https:\/\/i0.wp.com\/www.larouelibre.fr\/blog\/wp-content\/uploads\/2024\/06\/16x9-exe-decor-dim28-ok-1-1500x844-1.jpg?fit=696%2C392&amp;ssl=1\" src=\"https:\/\/i0.wp.com\/www.larouelibre.fr\/blog\/wp-content\/uploads\/2024\/06\/16x9-exe-decor-dim28-ok-1-1500x844-1.jpg?resize=696%2C392&#038;ssl=1\" alt=\"\" class=\"wp-image-23154\" srcset=\"https:\/\/i0.wp.com\/www.larouelibre.fr\/blog\/wp-content\/uploads\/2024\/06\/16x9-exe-decor-dim28-ok-1-1500x844-1.jpg?resize=1400%2C788&amp;ssl=1 1400w, https:\/\/i0.wp.com\/www.larouelibre.fr\/blog\/wp-content\/uploads\/2024\/06\/16x9-exe-decor-dim28-ok-1-1500x844-1.jpg?resize=711%2C400&amp;ssl=1 711w, https:\/\/i0.wp.com\/www.larouelibre.fr\/blog\/wp-content\/uploads\/2024\/06\/16x9-exe-decor-dim28-ok-1-1500x844-1.jpg?resize=768%2C432&amp;ssl=1 768w, https:\/\/i0.wp.com\/www.larouelibre.fr\/blog\/wp-content\/uploads\/2024\/06\/16x9-exe-decor-dim28-ok-1-1500x844-1.jpg?resize=696%2C392&amp;ssl=1 696w, https:\/\/i0.wp.com\/www.larouelibre.fr\/blog\/wp-content\/uploads\/2024\/06\/16x9-exe-decor-dim28-ok-1-1500x844-1.jpg?resize=1068%2C601&amp;ssl=1 1068w, https:\/\/i0.wp.com\/www.larouelibre.fr\/blog\/wp-content\/uploads\/2024\/06\/16x9-exe-decor-dim28-ok-1-1500x844-1.jpg?w=1500&amp;ssl=1 1500w\" sizes=\"auto, (max-width: 696px) 100vw, 696px\" \/><\/figure>\n<\/div>\n\n\n<h3 class=\"wp-block-heading\">Sans contraintes<\/h3>\n\n\n\n<p class=\"has-text-align-justify\">A son guidon, sentez-vous libre d\u2019aller o\u00f9 bon vous semble, de musarder ou de rouler \u00e0 pleine vitesse.<br>Sentez-vous libre de partir pour quelques km ou pour une balade au long cours.<br>Sentez-vous libre de gravir les sommets les plus haut et de vous prendre pour un coureur pro.<br>Sentez-vous libre de rouler en groupe, de partager ou de partir en solo pour m\u00e9diter.<\/p>\n\n\n\n<p class=\"has-text-align-justify\">Sentez-vous libre de privil\u00e9gier le confort et le plaisir.<br>Sentez-vous libre de sourire, virage apr\u00e8s virage, courbe apr\u00e8s courbe.<br>Sentez-vous simplement libre de vous affranchir de toute contrainte, de vous lib\u00e9rer des limites et des fronti\u00e8res.<br>Sentez-vous libre de d\u00e9placer les bornes\u00a0!<\/p>\n\n\n<div class=\"wp-block-image\">\n<figure class=\"aligncenter size-full\"><img data-recalc-dims=\"1\" loading=\"lazy\" decoding=\"async\" width=\"696\" height=\"464\" data-attachment-id=\"23155\" data-permalink=\"https:\/\/www.larouelibre.fr\/blog\/2024\/06\/03\/moustache-dimanche-28-la-nouveaute-attendue-de-2024\/moustache2024-jeremie-reuiller-1799-750x500-1\/\" data-orig-file=\"https:\/\/i0.wp.com\/www.larouelibre.fr\/blog\/wp-content\/uploads\/2024\/06\/moustache2024-jeremie-reuiller-1799-750x500-1.jpg?fit=750%2C500&amp;ssl=1\" data-orig-size=\"750,500\" data-comments-opened=\"1\" data-image-meta=\"{&quot;aperture&quot;:&quot;4.5&quot;,&quot;credit&quot;:&quot;Jeremie Reuiller&quot;,&quot;camera&quot;:&quot;Canon EOS R5&quot;,&quot;caption&quot;:&quot;&quot;,&quot;created_timestamp&quot;:&quot;1711633348&quot;,&quot;copyright&quot;:&quot;(c) Ill Prod&quot;,&quot;focal_length&quot;:&quot;280&quot;,&quot;iso&quot;:&quot;640&quot;,&quot;shutter_speed&quot;:&quot;0.0003125&quot;,&quot;title&quot;:&quot;&quot;,&quot;orientation&quot;:&quot;0&quot;}\" data-image-title=\"moustache2024-jeremie-reuiller-1799-750&amp;#215;500-1\" data-image-description=\"\" data-image-caption=\"\" data-medium-file=\"https:\/\/i0.wp.com\/www.larouelibre.fr\/blog\/wp-content\/uploads\/2024\/06\/moustache2024-jeremie-reuiller-1799-750x500-1.jpg?fit=600%2C400&amp;ssl=1\" data-large-file=\"https:\/\/i0.wp.com\/www.larouelibre.fr\/blog\/wp-content\/uploads\/2024\/06\/moustache2024-jeremie-reuiller-1799-750x500-1.jpg?fit=696%2C464&amp;ssl=1\" src=\"https:\/\/i0.wp.com\/www.larouelibre.fr\/blog\/wp-content\/uploads\/2024\/06\/moustache2024-jeremie-reuiller-1799-750x500-1.jpg?resize=696%2C464&#038;ssl=1\" alt=\"\" class=\"wp-image-23155\" srcset=\"https:\/\/i0.wp.com\/www.larouelibre.fr\/blog\/wp-content\/uploads\/2024\/06\/moustache2024-jeremie-reuiller-1799-750x500-1.jpg?w=750&amp;ssl=1 750w, https:\/\/i0.wp.com\/www.larouelibre.fr\/blog\/wp-content\/uploads\/2024\/06\/moustache2024-jeremie-reuiller-1799-750x500-1.jpg?resize=600%2C400&amp;ssl=1 600w, https:\/\/i0.wp.com\/www.larouelibre.fr\/blog\/wp-content\/uploads\/2024\/06\/moustache2024-jeremie-reuiller-1799-750x500-1.jpg?resize=696%2C464&amp;ssl=1 696w\" sizes=\"auto, (max-width: 696px) 100vw, 696px\" \/><\/figure>\n<\/div>\n\n\n<h3 class=\"wp-block-heading\">Fort&nbsp;! Pour longtemps \u2026<\/h3>\n\n\n\n<p class=\"has-text-align-justify\">Au guidon de Dimanche 28, vous \u00eates plus fort\u00a0!!!<br>Et \u00e7a c\u2019est un peu (ou beaucoup ;-{D) gr\u00e2ce au nouveau moteur Bosch Performance Line SX. Il offre un remarquable compromis entre poids et puissance, efficacit\u00e9 et support. D\u00e9veloppant 55 Nm de couple et 600W de puissance maximale il est capable de produire jusqu\u2019\u00e0 340% de votre effort\u00a0!!! Oui, oui, vous \u00eates vraiment fort \u2026.<br><br>\u2026 et pour longtemps\u00a0! En effet, la batterie int\u00e9gr\u00e9e de 400Wh vous permettra de d\u00e9passer vos limites, et m\u00eame de les repousser gr\u00e2ce au range extender de 250Wh en option. En route vers l\u2019inconnu et au-del\u00e0 ;-{D<\/p>\n\n\n<div class=\"wp-block-image\">\n<figure class=\"aligncenter size-full\"><img data-recalc-dims=\"1\" loading=\"lazy\" decoding=\"async\" width=\"696\" height=\"464\" data-attachment-id=\"23156\" data-permalink=\"https:\/\/www.larouelibre.fr\/blog\/2024\/06\/03\/moustache-dimanche-28-la-nouveaute-attendue-de-2024\/moustache2024-jeremie-reuiller-2822-750x500-1\/\" data-orig-file=\"https:\/\/i0.wp.com\/www.larouelibre.fr\/blog\/wp-content\/uploads\/2024\/06\/moustache2024-jeremie-reuiller-2822-750x500-1.jpg?fit=750%2C500&amp;ssl=1\" data-orig-size=\"750,500\" data-comments-opened=\"1\" data-image-meta=\"{&quot;aperture&quot;:&quot;2.8&quot;,&quot;credit&quot;:&quot;Jeremie Reuiller&quot;,&quot;camera&quot;:&quot;Canon EOS R5&quot;,&quot;caption&quot;:&quot;&quot;,&quot;created_timestamp&quot;:&quot;1711646281&quot;,&quot;copyright&quot;:&quot;(c) Ill Prod&quot;,&quot;focal_length&quot;:&quot;41&quot;,&quot;iso&quot;:&quot;125&quot;,&quot;shutter_speed&quot;:&quot;0.0008&quot;,&quot;title&quot;:&quot;&quot;,&quot;orientation&quot;:&quot;0&quot;}\" data-image-title=\"moustache2024-jeremie-reuiller-2822-750&amp;#215;500-1\" data-image-description=\"\" data-image-caption=\"\" data-medium-file=\"https:\/\/i0.wp.com\/www.larouelibre.fr\/blog\/wp-content\/uploads\/2024\/06\/moustache2024-jeremie-reuiller-2822-750x500-1.jpg?fit=600%2C400&amp;ssl=1\" data-large-file=\"https:\/\/i0.wp.com\/www.larouelibre.fr\/blog\/wp-content\/uploads\/2024\/06\/moustache2024-jeremie-reuiller-2822-750x500-1.jpg?fit=696%2C464&amp;ssl=1\" src=\"https:\/\/i0.wp.com\/www.larouelibre.fr\/blog\/wp-content\/uploads\/2024\/06\/moustache2024-jeremie-reuiller-2822-750x500-1.jpg?resize=696%2C464&#038;ssl=1\" alt=\"\" class=\"wp-image-23156\" srcset=\"https:\/\/i0.wp.com\/www.larouelibre.fr\/blog\/wp-content\/uploads\/2024\/06\/moustache2024-jeremie-reuiller-2822-750x500-1.jpg?w=750&amp;ssl=1 750w, https:\/\/i0.wp.com\/www.larouelibre.fr\/blog\/wp-content\/uploads\/2024\/06\/moustache2024-jeremie-reuiller-2822-750x500-1.jpg?resize=600%2C400&amp;ssl=1 600w, https:\/\/i0.wp.com\/www.larouelibre.fr\/blog\/wp-content\/uploads\/2024\/06\/moustache2024-jeremie-reuiller-2822-750x500-1.jpg?resize=696%2C464&amp;ssl=1 696w\" sizes=\"auto, (max-width: 696px) 100vw, 696px\" \/><\/figure>\n<\/div>\n\n\n<h3 class=\"wp-block-heading\">Dynamisme lib\u00e9r\u00e9<\/h3>\n\n\n\n<p class=\"has-text-align-justify\">Dimanche 28 est dynamique\u00a0!<br>Merci au cadre de Dimanche 28 en aluminium haut de gamme, 6061 T4 T6. Vivant, il dispose de haubans sp\u00e9cifiques offrant un l\u00e9ger flex pour filtrer les vibrations. La fourche en carbone, d\u00e9velopp\u00e9e dans le m\u00eame esprit, est \u00e0 la fois pr\u00e9cise et suffisamment flexible pour limiter les vibrations. Royal\u00a0!<br><br>Un dynamisme compl\u00e9t\u00e9 par un centre de gravit\u00e9 positionn\u00e9 au plus bas. En danseuse ou \u00e0 l\u2019attaque dans les descentes les plus folles, Dimanche vole, les bornes s\u2019envolent<br>et vous, vous souriez\u00a0!<\/p>\n\n\n\n<figure class=\"wp-block-image size-full\"><img data-recalc-dims=\"1\" loading=\"lazy\" decoding=\"async\" width=\"696\" height=\"464\" data-attachment-id=\"23157\" data-permalink=\"https:\/\/www.larouelibre.fr\/blog\/2024\/06\/03\/moustache-dimanche-28-la-nouveaute-attendue-de-2024\/moustache2024-jeremie-reuiller-1992-750x500-1\/\" data-orig-file=\"https:\/\/i0.wp.com\/www.larouelibre.fr\/blog\/wp-content\/uploads\/2024\/06\/moustache2024-jeremie-reuiller-1992-750x500-1.jpg?fit=750%2C500&amp;ssl=1\" data-orig-size=\"750,500\" data-comments-opened=\"1\" data-image-meta=\"{&quot;aperture&quot;:&quot;1.8&quot;,&quot;credit&quot;:&quot;Jeremie Reuiller&quot;,&quot;camera&quot;:&quot;Canon EOS R5&quot;,&quot;caption&quot;:&quot;&quot;,&quot;created_timestamp&quot;:&quot;1711636161&quot;,&quot;copyright&quot;:&quot;(c) Ill Prod&quot;,&quot;focal_length&quot;:&quot;85&quot;,&quot;iso&quot;:&quot;100&quot;,&quot;shutter_speed&quot;:&quot;0.000625&quot;,&quot;title&quot;:&quot;&quot;,&quot;orientation&quot;:&quot;0&quot;}\" data-image-title=\"moustache2024-jeremie-reuiller-1992-750&amp;#215;500-1\" data-image-description=\"\" data-image-caption=\"\" data-medium-file=\"https:\/\/i0.wp.com\/www.larouelibre.fr\/blog\/wp-content\/uploads\/2024\/06\/moustache2024-jeremie-reuiller-1992-750x500-1.jpg?fit=600%2C400&amp;ssl=1\" data-large-file=\"https:\/\/i0.wp.com\/www.larouelibre.fr\/blog\/wp-content\/uploads\/2024\/06\/moustache2024-jeremie-reuiller-1992-750x500-1.jpg?fit=696%2C464&amp;ssl=1\" src=\"https:\/\/i0.wp.com\/www.larouelibre.fr\/blog\/wp-content\/uploads\/2024\/06\/moustache2024-jeremie-reuiller-1992-750x500-1.jpg?resize=696%2C464&#038;ssl=1\" alt=\"\" class=\"wp-image-23157\" srcset=\"https:\/\/i0.wp.com\/www.larouelibre.fr\/blog\/wp-content\/uploads\/2024\/06\/moustache2024-jeremie-reuiller-1992-750x500-1.jpg?w=750&amp;ssl=1 750w, https:\/\/i0.wp.com\/www.larouelibre.fr\/blog\/wp-content\/uploads\/2024\/06\/moustache2024-jeremie-reuiller-1992-750x500-1.jpg?resize=600%2C400&amp;ssl=1 600w, https:\/\/i0.wp.com\/www.larouelibre.fr\/blog\/wp-content\/uploads\/2024\/06\/moustache2024-jeremie-reuiller-1992-750x500-1.jpg?resize=696%2C464&amp;ssl=1 696w\" sizes=\"auto, (max-width: 696px) 100vw, 696px\" \/><\/figure>\n\n\n\n<h3 class=\"wp-block-heading\">La roue tourne<\/h3>\n\n\n\n<p class=\"has-text-align-justify\">Le dynamisme du cadre ne serait rien s&rsquo;il n&rsquo;\u00e9tait compl\u00e9t\u00e9 par celui des roues Moustache AL:30 (sur 28 Road 2 et 28 Road 4) ou Mavic Cosmic S carbone (sur 28 Road 6) compatibles tubeless et \u00e9quip\u00e9es des pneus Schwalbe Pro One 700&#215;34 (sur 28 Road 4 et 6) offrant une faible r\u00e9sistance au roulement et une grande pr\u00e9cision de pilotage pour enchainer les courbes \u00e0 bloc\u00a0!<\/p>\n\n\n\n<figure class=\"wp-block-image size-full\"><img data-recalc-dims=\"1\" loading=\"lazy\" decoding=\"async\" width=\"696\" height=\"464\" data-attachment-id=\"23158\" data-permalink=\"https:\/\/www.larouelibre.fr\/blog\/2024\/06\/03\/moustache-dimanche-28-la-nouveaute-attendue-de-2024\/moustache2024-jeremie-reuiller-2632-750x500-1\/\" data-orig-file=\"https:\/\/i0.wp.com\/www.larouelibre.fr\/blog\/wp-content\/uploads\/2024\/06\/moustache2024-jeremie-reuiller-2632-750x500-1.jpg?fit=750%2C500&amp;ssl=1\" data-orig-size=\"750,500\" data-comments-opened=\"1\" data-image-meta=\"{&quot;aperture&quot;:&quot;10&quot;,&quot;credit&quot;:&quot;Jeremie Reuiller&quot;,&quot;camera&quot;:&quot;Canon EOS R5&quot;,&quot;caption&quot;:&quot;&quot;,&quot;created_timestamp&quot;:&quot;1711645794&quot;,&quot;copyright&quot;:&quot;(c) Ill Prod&quot;,&quot;focal_length&quot;:&quot;35&quot;,&quot;iso&quot;:&quot;100&quot;,&quot;shutter_speed&quot;:&quot;0.02&quot;,&quot;title&quot;:&quot;&quot;,&quot;orientation&quot;:&quot;0&quot;}\" data-image-title=\"moustache2024-jeremie-reuiller-2632-750&amp;#215;500-1\" data-image-description=\"\" data-image-caption=\"\" data-medium-file=\"https:\/\/i0.wp.com\/www.larouelibre.fr\/blog\/wp-content\/uploads\/2024\/06\/moustache2024-jeremie-reuiller-2632-750x500-1.jpg?fit=600%2C400&amp;ssl=1\" data-large-file=\"https:\/\/i0.wp.com\/www.larouelibre.fr\/blog\/wp-content\/uploads\/2024\/06\/moustache2024-jeremie-reuiller-2632-750x500-1.jpg?fit=696%2C464&amp;ssl=1\" src=\"https:\/\/i0.wp.com\/www.larouelibre.fr\/blog\/wp-content\/uploads\/2024\/06\/moustache2024-jeremie-reuiller-2632-750x500-1.jpg?resize=696%2C464&#038;ssl=1\" alt=\"\" class=\"wp-image-23158\" srcset=\"https:\/\/i0.wp.com\/www.larouelibre.fr\/blog\/wp-content\/uploads\/2024\/06\/moustache2024-jeremie-reuiller-2632-750x500-1.jpg?w=750&amp;ssl=1 750w, https:\/\/i0.wp.com\/www.larouelibre.fr\/blog\/wp-content\/uploads\/2024\/06\/moustache2024-jeremie-reuiller-2632-750x500-1.jpg?resize=600%2C400&amp;ssl=1 600w, https:\/\/i0.wp.com\/www.larouelibre.fr\/blog\/wp-content\/uploads\/2024\/06\/moustache2024-jeremie-reuiller-2632-750x500-1.jpg?resize=696%2C464&amp;ssl=1 696w\" sizes=\"auto, (max-width: 696px) 100vw, 696px\" \/><\/figure>\n\n\n\n<h3 class=\"wp-block-heading\">Simplement efficace&nbsp;!<\/h3>\n\n\n\n<p class=\"has-text-align-justify\">Ce niveau de performance ne serait rien sans une transmission efficace et pr\u00e9cise\u00a0! La transmission Sram \u00e0 changement de vitesse m\u00e9canique (28 Road 4) ou \u00e9lectrique (28 Road 6) dispose d\u2019une cassette 11&#215;44 associ\u00e9e \u00e0 un monoplateau de 44 dents pour grimper les cols du Tour ou gagner un sprint \u00e0 la prochaine pancarte\u00a0!<br><br>\u2026 et si vous vous \u00eates un peu emball\u00e9, les puissants freins hydrauliques \u00e0 disques 160 \/ 160 sauront freiner vos ardeurs en toute s\u00e9curit\u00e9.<\/p>\n\n\n\n<figure class=\"wp-block-image size-full\"><img data-recalc-dims=\"1\" loading=\"lazy\" decoding=\"async\" width=\"696\" height=\"464\" data-attachment-id=\"23159\" data-permalink=\"https:\/\/www.larouelibre.fr\/blog\/2024\/06\/03\/moustache-dimanche-28-la-nouveaute-attendue-de-2024\/moustache2024-jeremie-reuiller-1931-750x500-1\/\" data-orig-file=\"https:\/\/i0.wp.com\/www.larouelibre.fr\/blog\/wp-content\/uploads\/2024\/06\/moustache2024-jeremie-reuiller-1931-750x500-1.jpg?fit=750%2C500&amp;ssl=1\" data-orig-size=\"750,500\" data-comments-opened=\"1\" data-image-meta=\"{&quot;aperture&quot;:&quot;1.6&quot;,&quot;credit&quot;:&quot;Jeremie Reuiller&quot;,&quot;camera&quot;:&quot;Canon EOS R5&quot;,&quot;caption&quot;:&quot;&quot;,&quot;created_timestamp&quot;:&quot;1711634406&quot;,&quot;copyright&quot;:&quot;(c) Ill Prod&quot;,&quot;focal_length&quot;:&quot;85&quot;,&quot;iso&quot;:&quot;125&quot;,&quot;shutter_speed&quot;:&quot;0.00025&quot;,&quot;title&quot;:&quot;&quot;,&quot;orientation&quot;:&quot;0&quot;}\" data-image-title=\"moustache2024-jeremie-reuiller-1931-750&amp;#215;500-1\" data-image-description=\"\" data-image-caption=\"\" data-medium-file=\"https:\/\/i0.wp.com\/www.larouelibre.fr\/blog\/wp-content\/uploads\/2024\/06\/moustache2024-jeremie-reuiller-1931-750x500-1.jpg?fit=600%2C400&amp;ssl=1\" data-large-file=\"https:\/\/i0.wp.com\/www.larouelibre.fr\/blog\/wp-content\/uploads\/2024\/06\/moustache2024-jeremie-reuiller-1931-750x500-1.jpg?fit=696%2C464&amp;ssl=1\" src=\"https:\/\/i0.wp.com\/www.larouelibre.fr\/blog\/wp-content\/uploads\/2024\/06\/moustache2024-jeremie-reuiller-1931-750x500-1.jpg?resize=696%2C464&#038;ssl=1\" alt=\"\" class=\"wp-image-23159\" srcset=\"https:\/\/i0.wp.com\/www.larouelibre.fr\/blog\/wp-content\/uploads\/2024\/06\/moustache2024-jeremie-reuiller-1931-750x500-1.jpg?w=750&amp;ssl=1 750w, https:\/\/i0.wp.com\/www.larouelibre.fr\/blog\/wp-content\/uploads\/2024\/06\/moustache2024-jeremie-reuiller-1931-750x500-1.jpg?resize=600%2C400&amp;ssl=1 600w, https:\/\/i0.wp.com\/www.larouelibre.fr\/blog\/wp-content\/uploads\/2024\/06\/moustache2024-jeremie-reuiller-1931-750x500-1.jpg?resize=696%2C464&amp;ssl=1 696w\" sizes=\"auto, (max-width: 696px) 100vw, 696px\" \/><\/figure>\n\n\n\n<div style=\"height:49px\" aria-hidden=\"true\" class=\"wp-block-spacer\"><\/div>\n\n\n\n<p class=\"has-text-align-center\">Disponible en version road ou gravel en version cadre ouvert ou cadre homme avec possibilit\u00e9 d&rsquo;\u00e9quipement garde boue et porte bagages!<\/p>\n\n\n\n<p class=\"has-text-align-center\"><strong>Ce v\u00e9lo vous int\u00e9resse? Ne tardez pas \u00e0 le commander dans  un de nos magasins \u00e0 Nice ou Cagnes sur Mer, les stocks seront limit\u00e9s sur l&rsquo;ann\u00e9e 2024.<\/strong><\/p>\n\n\n\n<p class=\"has-text-align-center\">Infos et disponibilit\u00e9s sur notre site de vente en ligne!<\/p>\n\n\n\n<div style=\"height:20px\" aria-hidden=\"true\" class=\"wp-block-spacer\"><\/div>\n\n\n\n<div class=\"wp-block-buttons is-layout-flex wp-block-buttons-is-layout-flex\">\n<div class=\"wp-block-button has-custom-width wp-block-button__width-100\"><a class=\"wp-block-button__link wp-element-button\" href=\"https:\/\/www.larouelibre.fr\/309-moustache\">Voir les mod\u00e8les Dimanche 28<\/a><\/div>\n<\/div>\n","protected":false},"excerpt":{"rendered":"<p>C&rsquo;est un v\u00e9lo attendu depuis quelques moi par les routards recherchant un v\u00e9lo l\u00e9ger avec une bonne autonomie&#8230; Equip\u00e9 du tout nouveau moteur Bosch SX, avec la possibilit\u00e9 d&rsquo;ajout\u00e9 la nouvelle batterie Bosch Powermore et un look r\u00e9ussi, cela en fait sans doutes le v\u00e9lo de l&rsquo;ann\u00e9e 2024! Sans contraintes A son guidon, sentez-vous libre [&hellip;]<\/p>\n","protected":false},"author":1,"featured_media":23154,"comment_status":"open","ping_status":"open","sticky":false,"template":"","format":"standard","meta":{"jetpack_post_was_ever_published":false,"_jetpack_newsletter_access":"","_jetpack_dont_email_post_to_subs":false,"_jetpack_newsletter_tier_id":0,"_jetpack_memberships_contains_paywalled_content":false,"_jetpack_memberships_contains_paid_content":false,"footnotes":"","jetpack_publicize_message":"","jetpack_publicize_feature_enabled":true,"jetpack_social_post_already_shared":true,"jetpack_social_options":{"image_generator_settings":{"template":"highway","default_image_id":0,"font":"","enabled":false},"version":2}},"categories":[80],"tags":[],"class_list":{"0":"post-23153","1":"post","2":"type-post","3":"status-publish","4":"format-standard","5":"has-post-thumbnail","7":"category-news"},"yoast_head":"<!-- This site is optimized with the Yoast SEO plugin v26.5 - https:\/\/yoast.com\/wordpress\/plugins\/seo\/ -->\n<title>MOUSTACHE DIMANCHE 28: la nouveaut\u00e9 attendue de 2024! - La Roue Libre<\/title>\n<meta name=\"robots\" content=\"index, follow, max-snippet:-1, max-image-preview:large, max-video-preview:-1\" \/>\n<link rel=\"canonical\" href=\"https:\/\/www.larouelibre.fr\/blog\/2024\/06\/03\/moustache-dimanche-28-la-nouveaute-attendue-de-2024\/\" \/>\n<meta property=\"og:locale\" content=\"fr_FR\" \/>\n<meta property=\"og:type\" content=\"article\" \/>\n<meta property=\"og:title\" content=\"MOUSTACHE DIMANCHE 28: la nouveaut\u00e9 attendue de 2024! - La Roue Libre\" \/>\n<meta property=\"og:description\" content=\"C&rsquo;est un v\u00e9lo attendu depuis quelques moi par les routards recherchant un v\u00e9lo l\u00e9ger avec une bonne autonomie&#8230; Equip\u00e9 du tout nouveau moteur Bosch SX, avec la possibilit\u00e9 d&rsquo;ajout\u00e9 la nouvelle batterie Bosch Powermore et un look r\u00e9ussi, cela en fait sans doutes le v\u00e9lo de l&rsquo;ann\u00e9e 2024! Sans contraintes A son guidon, sentez-vous libre [&hellip;]\" \/>\n<meta property=\"og:url\" content=\"https:\/\/www.larouelibre.fr\/blog\/2024\/06\/03\/moustache-dimanche-28-la-nouveaute-attendue-de-2024\/\" \/>\n<meta property=\"og:site_name\" content=\"La Roue Libre\" \/>\n<meta property=\"article:published_time\" content=\"2024-06-03T09:28:30+00:00\" \/>\n<meta property=\"article:modified_time\" content=\"2024-06-03T09:28:33+00:00\" \/>\n<meta property=\"og:image\" content=\"https:\/\/www.larouelibre.fr\/blog\/wp-content\/uploads\/2024\/06\/16x9-exe-decor-dim28-ok-1-1500x844-1.jpg\" \/>\n\t<meta property=\"og:image:width\" content=\"1500\" \/>\n\t<meta property=\"og:image:height\" content=\"844\" \/>\n\t<meta property=\"og:image:type\" content=\"image\/jpeg\" \/>\n<meta name=\"author\" content=\"La Roue Libre\" \/>\n<meta name=\"twitter:card\" content=\"summary_large_image\" \/>\n<meta name=\"twitter:label1\" content=\"\u00c9crit par\" \/>\n\t<meta name=\"twitter:data1\" content=\"La Roue Libre\" \/>\n\t<meta name=\"twitter:label2\" content=\"Dur\u00e9e de lecture estim\u00e9e\" \/>\n\t<meta name=\"twitter:data2\" content=\"5 minutes\" \/>\n<script type=\"application\/ld+json\" class=\"yoast-schema-graph\">{\"@context\":\"https:\/\/schema.org\",\"@graph\":[{\"@type\":\"WebPage\",\"@id\":\"https:\/\/www.larouelibre.fr\/blog\/2024\/06\/03\/moustache-dimanche-28-la-nouveaute-attendue-de-2024\/\",\"url\":\"https:\/\/www.larouelibre.fr\/blog\/2024\/06\/03\/moustache-dimanche-28-la-nouveaute-attendue-de-2024\/\",\"name\":\"MOUSTACHE DIMANCHE 28: la nouveaut\u00e9 attendue de 2024! - La Roue Libre\",\"isPartOf\":{\"@id\":\"https:\/\/www.larouelibre.fr\/blog\/#website\"},\"primaryImageOfPage\":{\"@id\":\"https:\/\/www.larouelibre.fr\/blog\/2024\/06\/03\/moustache-dimanche-28-la-nouveaute-attendue-de-2024\/#primaryimage\"},\"image\":{\"@id\":\"https:\/\/www.larouelibre.fr\/blog\/2024\/06\/03\/moustache-dimanche-28-la-nouveaute-attendue-de-2024\/#primaryimage\"},\"thumbnailUrl\":\"https:\/\/i0.wp.com\/www.larouelibre.fr\/blog\/wp-content\/uploads\/2024\/06\/16x9-exe-decor-dim28-ok-1-1500x844-1.jpg?fit=1500%2C844&ssl=1\",\"datePublished\":\"2024-06-03T09:28:30+00:00\",\"dateModified\":\"2024-06-03T09:28:33+00:00\",\"author\":{\"@id\":\"https:\/\/www.larouelibre.fr\/blog\/#\/schema\/person\/f0e3bfb9ee3260832293b637a20dfca0\"},\"breadcrumb\":{\"@id\":\"https:\/\/www.larouelibre.fr\/blog\/2024\/06\/03\/moustache-dimanche-28-la-nouveaute-attendue-de-2024\/#breadcrumb\"},\"inLanguage\":\"fr-FR\",\"potentialAction\":[{\"@type\":\"ReadAction\",\"target\":[\"https:\/\/www.larouelibre.fr\/blog\/2024\/06\/03\/moustache-dimanche-28-la-nouveaute-attendue-de-2024\/\"]}]},{\"@type\":\"ImageObject\",\"inLanguage\":\"fr-FR\",\"@id\":\"https:\/\/www.larouelibre.fr\/blog\/2024\/06\/03\/moustache-dimanche-28-la-nouveaute-attendue-de-2024\/#primaryimage\",\"url\":\"https:\/\/i0.wp.com\/www.larouelibre.fr\/blog\/wp-content\/uploads\/2024\/06\/16x9-exe-decor-dim28-ok-1-1500x844-1.jpg?fit=1500%2C844&ssl=1\",\"contentUrl\":\"https:\/\/i0.wp.com\/www.larouelibre.fr\/blog\/wp-content\/uploads\/2024\/06\/16x9-exe-decor-dim28-ok-1-1500x844-1.jpg?fit=1500%2C844&ssl=1\",\"width\":1500,\"height\":844},{\"@type\":\"BreadcrumbList\",\"@id\":\"https:\/\/www.larouelibre.fr\/blog\/2024\/06\/03\/moustache-dimanche-28-la-nouveaute-attendue-de-2024\/#breadcrumb\",\"itemListElement\":[{\"@type\":\"ListItem\",\"position\":1,\"name\":\"Accueil\",\"item\":\"https:\/\/www.larouelibre.fr\/blog\/\"},{\"@type\":\"ListItem\",\"position\":2,\"name\":\"MOUSTACHE DIMANCHE 28: la nouveaut\u00e9 attendue de 2024!\"}]},{\"@type\":\"WebSite\",\"@id\":\"https:\/\/www.larouelibre.fr\/blog\/#website\",\"url\":\"https:\/\/www.larouelibre.fr\/blog\/\",\"name\":\"La Roue Libre\",\"description\":\"Votre sp\u00e9cialiste cycle, v\u00e9lo \u00e9lectrique, vtt, v\u00e9lo route \u00e0 Nice et cagnes sur mer\",\"potentialAction\":[{\"@type\":\"SearchAction\",\"target\":{\"@type\":\"EntryPoint\",\"urlTemplate\":\"https:\/\/www.larouelibre.fr\/blog\/?s={search_term_string}\"},\"query-input\":{\"@type\":\"PropertyValueSpecification\",\"valueRequired\":true,\"valueName\":\"search_term_string\"}}],\"inLanguage\":\"fr-FR\"},{\"@type\":\"Person\",\"@id\":\"https:\/\/www.larouelibre.fr\/blog\/#\/schema\/person\/f0e3bfb9ee3260832293b637a20dfca0\",\"name\":\"La Roue Libre\",\"image\":{\"@type\":\"ImageObject\",\"inLanguage\":\"fr-FR\",\"@id\":\"https:\/\/www.larouelibre.fr\/blog\/#\/schema\/person\/image\/\",\"url\":\"https:\/\/secure.gravatar.com\/avatar\/1f3fcb4fdc3a87d34bf1800c7dafbf15c6ab72f0bc50ff91c79228824fd096e6?s=96&d=mm&r=g\",\"contentUrl\":\"https:\/\/secure.gravatar.com\/avatar\/1f3fcb4fdc3a87d34bf1800c7dafbf15c6ab72f0bc50ff91c79228824fd096e6?s=96&d=mm&r=g\",\"caption\":\"La Roue Libre\"},\"description\":\"Votre sp\u00e9cialiste cycle, VTT, v\u00e9los \u00e9lectriques et route depuis 1977!\",\"sameAs\":[\"https:\/\/www.larouelibre.fr\/\"],\"url\":\"https:\/\/www.larouelibre.fr\/blog\/author\/lrl\/\"}]}<\/script>\n<!-- \/ Yoast SEO plugin. -->","yoast_head_json":{"title":"MOUSTACHE DIMANCHE 28: la nouveaut\u00e9 attendue de 2024! - La Roue Libre","robots":{"index":"index","follow":"follow","max-snippet":"max-snippet:-1","max-image-preview":"max-image-preview:large","max-video-preview":"max-video-preview:-1"},"canonical":"https:\/\/www.larouelibre.fr\/blog\/2024\/06\/03\/moustache-dimanche-28-la-nouveaute-attendue-de-2024\/","og_locale":"fr_FR","og_type":"article","og_title":"MOUSTACHE DIMANCHE 28: la nouveaut\u00e9 attendue de 2024! - La Roue Libre","og_description":"C&rsquo;est un v\u00e9lo attendu depuis quelques moi par les routards recherchant un v\u00e9lo l\u00e9ger avec une bonne autonomie&#8230; Equip\u00e9 du tout nouveau moteur Bosch SX, avec la possibilit\u00e9 d&rsquo;ajout\u00e9 la nouvelle batterie Bosch Powermore et un look r\u00e9ussi, cela en fait sans doutes le v\u00e9lo de l&rsquo;ann\u00e9e 2024! Sans contraintes A son guidon, sentez-vous libre [&hellip;]","og_url":"https:\/\/www.larouelibre.fr\/blog\/2024\/06\/03\/moustache-dimanche-28-la-nouveaute-attendue-de-2024\/","og_site_name":"La Roue Libre","article_published_time":"2024-06-03T09:28:30+00:00","article_modified_time":"2024-06-03T09:28:33+00:00","og_image":[{"width":1500,"height":844,"url":"https:\/\/www.larouelibre.fr\/blog\/wp-content\/uploads\/2024\/06\/16x9-exe-decor-dim28-ok-1-1500x844-1.jpg","type":"image\/jpeg"}],"author":"La Roue Libre","twitter_card":"summary_large_image","twitter_misc":{"\u00c9crit par":"La Roue Libre","Dur\u00e9e de lecture estim\u00e9e":"5 minutes"},"schema":{"@context":"https:\/\/schema.org","@graph":[{"@type":"WebPage","@id":"https:\/\/www.larouelibre.fr\/blog\/2024\/06\/03\/moustache-dimanche-28-la-nouveaute-attendue-de-2024\/","url":"https:\/\/www.larouelibre.fr\/blog\/2024\/06\/03\/moustache-dimanche-28-la-nouveaute-attendue-de-2024\/","name":"MOUSTACHE DIMANCHE 28: la nouveaut\u00e9 attendue de 2024! - La Roue Libre","isPartOf":{"@id":"https:\/\/www.larouelibre.fr\/blog\/#website"},"primaryImageOfPage":{"@id":"https:\/\/www.larouelibre.fr\/blog\/2024\/06\/03\/moustache-dimanche-28-la-nouveaute-attendue-de-2024\/#primaryimage"},"image":{"@id":"https:\/\/www.larouelibre.fr\/blog\/2024\/06\/03\/moustache-dimanche-28-la-nouveaute-attendue-de-2024\/#primaryimage"},"thumbnailUrl":"https:\/\/i0.wp.com\/www.larouelibre.fr\/blog\/wp-content\/uploads\/2024\/06\/16x9-exe-decor-dim28-ok-1-1500x844-1.jpg?fit=1500%2C844&ssl=1","datePublished":"2024-06-03T09:28:30+00:00","dateModified":"2024-06-03T09:28:33+00:00","author":{"@id":"https:\/\/www.larouelibre.fr\/blog\/#\/schema\/person\/f0e3bfb9ee3260832293b637a20dfca0"},"breadcrumb":{"@id":"https:\/\/www.larouelibre.fr\/blog\/2024\/06\/03\/moustache-dimanche-28-la-nouveaute-attendue-de-2024\/#breadcrumb"},"inLanguage":"fr-FR","potentialAction":[{"@type":"ReadAction","target":["https:\/\/www.larouelibre.fr\/blog\/2024\/06\/03\/moustache-dimanche-28-la-nouveaute-attendue-de-2024\/"]}]},{"@type":"ImageObject","inLanguage":"fr-FR","@id":"https:\/\/www.larouelibre.fr\/blog\/2024\/06\/03\/moustache-dimanche-28-la-nouveaute-attendue-de-2024\/#primaryimage","url":"https:\/\/i0.wp.com\/www.larouelibre.fr\/blog\/wp-content\/uploads\/2024\/06\/16x9-exe-decor-dim28-ok-1-1500x844-1.jpg?fit=1500%2C844&ssl=1","contentUrl":"https:\/\/i0.wp.com\/www.larouelibre.fr\/blog\/wp-content\/uploads\/2024\/06\/16x9-exe-decor-dim28-ok-1-1500x844-1.jpg?fit=1500%2C844&ssl=1","width":1500,"height":844},{"@type":"BreadcrumbList","@id":"https:\/\/www.larouelibre.fr\/blog\/2024\/06\/03\/moustache-dimanche-28-la-nouveaute-attendue-de-2024\/#breadcrumb","itemListElement":[{"@type":"ListItem","position":1,"name":"Accueil","item":"https:\/\/www.larouelibre.fr\/blog\/"},{"@type":"ListItem","position":2,"name":"MOUSTACHE DIMANCHE 28: la nouveaut\u00e9 attendue de 2024!"}]},{"@type":"WebSite","@id":"https:\/\/www.larouelibre.fr\/blog\/#website","url":"https:\/\/www.larouelibre.fr\/blog\/","name":"La Roue Libre","description":"Votre sp\u00e9cialiste cycle, v\u00e9lo \u00e9lectrique, vtt, v\u00e9lo route \u00e0 Nice et cagnes sur mer","potentialAction":[{"@type":"SearchAction","target":{"@type":"EntryPoint","urlTemplate":"https:\/\/www.larouelibre.fr\/blog\/?s={search_term_string}"},"query-input":{"@type":"PropertyValueSpecification","valueRequired":true,"valueName":"search_term_string"}}],"inLanguage":"fr-FR"},{"@type":"Person","@id":"https:\/\/www.larouelibre.fr\/blog\/#\/schema\/person\/f0e3bfb9ee3260832293b637a20dfca0","name":"La Roue Libre","image":{"@type":"ImageObject","inLanguage":"fr-FR","@id":"https:\/\/www.larouelibre.fr\/blog\/#\/schema\/person\/image\/","url":"https:\/\/secure.gravatar.com\/avatar\/1f3fcb4fdc3a87d34bf1800c7dafbf15c6ab72f0bc50ff91c79228824fd096e6?s=96&d=mm&r=g","contentUrl":"https:\/\/secure.gravatar.com\/avatar\/1f3fcb4fdc3a87d34bf1800c7dafbf15c6ab72f0bc50ff91c79228824fd096e6?s=96&d=mm&r=g","caption":"La Roue Libre"},"description":"Votre sp\u00e9cialiste cycle, VTT, v\u00e9los \u00e9lectriques et route depuis 1977!","sameAs":["https:\/\/www.larouelibre.fr\/"],"url":"https:\/\/www.larouelibre.fr\/blog\/author\/lrl\/"}]}},"jetpack_publicize_connections":[],"jetpack_featured_media_url":"https:\/\/i0.wp.com\/www.larouelibre.fr\/blog\/wp-content\/uploads\/2024\/06\/16x9-exe-decor-dim28-ok-1-1500x844-1.jpg?fit=1500%2C844&ssl=1","jetpack_sharing_enabled":true,"jetpack_shortlink":"https:\/\/wp.me\/p7po7v-61r","jetpack-related-posts":[{"id":22529,"url":"https:\/\/www.larouelibre.fr\/blog\/2022\/05\/17\/lapierre-overvolt-glp2-team-bientot-en-stock\/","url_meta":{"origin":23153,"position":0},"title":"Lapierre Overvolt GLP2: bient\u00f4t en stock!","author":"La Roue Libre","date":"17 mai 2022","format":false,"excerpt":"Donnez carte blanche \u00e0 Nicolas Vouilloz, l\u00e9gende du VTT mondial, pour imaginer le VTT \u00e9lectrique enduro id\u00e9al. Cela donne l\u2019Overvolt GLP, fruit de l\u2019exp\u00e9rience du multiple champion du monde de descente, qui souhaitait un VTT o\u00f9 la notion de poids est relative, la direction l\u00e9g\u00e8re, le v\u00e9lo joueur, vif et\u2026","rel":"","context":"Dans &quot;Non class\u00e9&quot;","block_context":{"text":"Non class\u00e9","link":"https:\/\/www.larouelibre.fr\/blog\/category\/non-classe\/"},"img":{"alt_text":"","src":"https:\/\/i0.wp.com\/www.larouelibre.fr\/blog\/wp-content\/uploads\/2022\/05\/Overvolt-GLP2-Team_3.jpg?fit=1200%2C900&ssl=1&resize=350%2C200","width":350,"height":200,"srcset":"https:\/\/i0.wp.com\/www.larouelibre.fr\/blog\/wp-content\/uploads\/2022\/05\/Overvolt-GLP2-Team_3.jpg?fit=1200%2C900&ssl=1&resize=350%2C200 1x, https:\/\/i0.wp.com\/www.larouelibre.fr\/blog\/wp-content\/uploads\/2022\/05\/Overvolt-GLP2-Team_3.jpg?fit=1200%2C900&ssl=1&resize=525%2C300 1.5x, https:\/\/i0.wp.com\/www.larouelibre.fr\/blog\/wp-content\/uploads\/2022\/05\/Overvolt-GLP2-Team_3.jpg?fit=1200%2C900&ssl=1&resize=700%2C400 2x, https:\/\/i0.wp.com\/www.larouelibre.fr\/blog\/wp-content\/uploads\/2022\/05\/Overvolt-GLP2-Team_3.jpg?fit=1200%2C900&ssl=1&resize=1050%2C600 3x"},"classes":[]},{"id":21867,"url":"https:\/\/www.larouelibre.fr\/blog\/2021\/04\/20\/yuba-bikes-de-nouveaux-velos-cargos-arrivent-en-magasin\/","url_meta":{"origin":23153,"position":1},"title":"Yuba Bikes: de nouveaux v\u00e9los cargos arrivent en magasin!","author":"La Roue Libre","date":"20 avril 2021","format":false,"excerpt":"Vous souhaitez laisser votre voiture au garage et pouvoir emmener vos enfants ou m\u00eame des affaires encombrantes sur votre v\u00e9lo? C'est maintenant possible! Yuba bikes, v\u00e9los imagin\u00e9s en Californie depuis 14 ans, fait \u00e9voluer le v\u00e9lo dit \"cargo\" et vous permet de choisir l'\u00e9volution de votre v\u00e9lo en fonction de\u2026","rel":"","context":"Dans &quot;Non class\u00e9&quot;","block_context":{"text":"Non class\u00e9","link":"https:\/\/www.larouelibre.fr\/blog\/category\/non-classe\/"},"img":{"alt_text":"","src":"https:\/\/i0.wp.com\/www.larouelibre.fr\/blog\/wp-content\/uploads\/2021\/04\/yuba_photo2.jpg?fit=1200%2C862&ssl=1&resize=350%2C200","width":350,"height":200,"srcset":"https:\/\/i0.wp.com\/www.larouelibre.fr\/blog\/wp-content\/uploads\/2021\/04\/yuba_photo2.jpg?fit=1200%2C862&ssl=1&resize=350%2C200 1x, https:\/\/i0.wp.com\/www.larouelibre.fr\/blog\/wp-content\/uploads\/2021\/04\/yuba_photo2.jpg?fit=1200%2C862&ssl=1&resize=525%2C300 1.5x, https:\/\/i0.wp.com\/www.larouelibre.fr\/blog\/wp-content\/uploads\/2021\/04\/yuba_photo2.jpg?fit=1200%2C862&ssl=1&resize=700%2C400 2x, https:\/\/i0.wp.com\/www.larouelibre.fr\/blog\/wp-content\/uploads\/2021\/04\/yuba_photo2.jpg?fit=1200%2C862&ssl=1&resize=1050%2C600 3x"},"classes":[]},{"id":23246,"url":"https:\/\/www.larouelibre.fr\/blog\/2025\/04\/18\/du-nouveau-chez-santacruz\/","url_meta":{"origin":23153,"position":2},"title":"DU NOUVEAU CHEZ SANTACRUZ","author":"La Roue Libre","date":"18 avril 2025","format":false,"excerpt":"La farandole des VTT \u00e9lectriques haut de gamme continue. Apr\u00e8s l'annonce de l'arriv\u00e9e en magasin de la marque Canadienne Forbidden, c'est aujourd'hui du c\u00f4t\u00e9 de la marque am\u00e9ricaine SantaCruz qu'il y a du nouveau! Les pilotes qui cherchent un v\u00e9lo pour envoyer du lourd vont \u00eatre servis, car c'est un\u2026","rel":"","context":"Dans &quot;Non class\u00e9&quot;","block_context":{"text":"Non class\u00e9","link":"https:\/\/www.larouelibre.fr\/blog\/category\/non-classe\/"},"img":{"alt_text":"","src":"https:\/\/i0.wp.com\/www.larouelibre.fr\/blog\/wp-content\/uploads\/2025\/04\/PG_250210_SantaCruz_00794.webp?fit=1000%2C667&ssl=1&resize=350%2C200","width":350,"height":200,"srcset":"https:\/\/i0.wp.com\/www.larouelibre.fr\/blog\/wp-content\/uploads\/2025\/04\/PG_250210_SantaCruz_00794.webp?fit=1000%2C667&ssl=1&resize=350%2C200 1x, https:\/\/i0.wp.com\/www.larouelibre.fr\/blog\/wp-content\/uploads\/2025\/04\/PG_250210_SantaCruz_00794.webp?fit=1000%2C667&ssl=1&resize=525%2C300 1.5x, https:\/\/i0.wp.com\/www.larouelibre.fr\/blog\/wp-content\/uploads\/2025\/04\/PG_250210_SantaCruz_00794.webp?fit=1000%2C667&ssl=1&resize=700%2C400 2x"},"classes":[]},{"id":22228,"url":"https:\/\/www.larouelibre.fr\/blog\/2022\/02\/24\/les-premiers-cube-2022-750wh-sont-arrives\/","url_meta":{"origin":23153,"position":3},"title":"LES PREMIERS CUBE 2022 750WH SONT ARRIVES!","author":"La Roue Libre","date":"24 f\u00e9vrier 2022","format":false,"excerpt":"Les premiers mod\u00e8les Cube St\u00e9r\u00e9o Hybrid 140 750Wh sont arriv\u00e9s en magasin! Venez d\u00e9couvrir le nouveau syst\u00e8me Bosch, dot\u00e9 d'une nouvelle batterie en 750Wh! Disponibles en taille M ou L, ses VTTae arrivent au compte goutte, il ne faudra pas tarder \u00e0 r\u00e9server le votre! Le tout nouveau cadre du\u2026","rel":"","context":"Dans &quot;Non class\u00e9&quot;","block_context":{"text":"Non class\u00e9","link":"https:\/\/www.larouelibre.fr\/blog\/category\/non-classe\/"},"img":{"alt_text":"","src":"https:\/\/i0.wp.com\/www.larouelibre.fr\/blog\/wp-content\/uploads\/2022\/02\/csm_536153_porn_639dde54d6.jpg?fit=1200%2C800&ssl=1&resize=350%2C200","width":350,"height":200,"srcset":"https:\/\/i0.wp.com\/www.larouelibre.fr\/blog\/wp-content\/uploads\/2022\/02\/csm_536153_porn_639dde54d6.jpg?fit=1200%2C800&ssl=1&resize=350%2C200 1x, https:\/\/i0.wp.com\/www.larouelibre.fr\/blog\/wp-content\/uploads\/2022\/02\/csm_536153_porn_639dde54d6.jpg?fit=1200%2C800&ssl=1&resize=525%2C300 1.5x, https:\/\/i0.wp.com\/www.larouelibre.fr\/blog\/wp-content\/uploads\/2022\/02\/csm_536153_porn_639dde54d6.jpg?fit=1200%2C800&ssl=1&resize=700%2C400 2x, https:\/\/i0.wp.com\/www.larouelibre.fr\/blog\/wp-content\/uploads\/2022\/02\/csm_536153_porn_639dde54d6.jpg?fit=1200%2C800&ssl=1&resize=1050%2C600 3x"},"classes":[]},{"id":22748,"url":"https:\/\/www.larouelibre.fr\/blog\/2022\/11\/16\/nouveaute-moustache-bikes-petit-week-end\/","url_meta":{"origin":23153,"position":4},"title":"NOUVEAUTE MOUSTACHE BIKES: Petit Week End","author":"La Roue Libre","date":"16 novembre 2022","format":false,"excerpt":"Un petit nouveau est arriv\u00e9 dans la gamme Moustache. Le petit Week End fait son apparition dans la gamme du m\u00eame nom pour ceux qui cherchent un v\u00e9lo \u00e9lectrique \u00e0 tout faire! C\u2019est le v\u00e9lo de celles et ceux qui aiment rouler autant la semaine que le weekend : v\u00e9lotaffeur\u2026","rel":"","context":"Dans &quot;Non class\u00e9&quot;","block_context":{"text":"Non class\u00e9","link":"https:\/\/www.larouelibre.fr\/blog\/category\/non-classe\/"},"img":{"alt_text":"","src":"https:\/\/i0.wp.com\/www.larouelibre.fr\/blog\/wp-content\/uploads\/2022\/11\/MicrosoftTeams-image-110.jpg?fit=1200%2C792&ssl=1&resize=350%2C200","width":350,"height":200,"srcset":"https:\/\/i0.wp.com\/www.larouelibre.fr\/blog\/wp-content\/uploads\/2022\/11\/MicrosoftTeams-image-110.jpg?fit=1200%2C792&ssl=1&resize=350%2C200 1x, https:\/\/i0.wp.com\/www.larouelibre.fr\/blog\/wp-content\/uploads\/2022\/11\/MicrosoftTeams-image-110.jpg?fit=1200%2C792&ssl=1&resize=525%2C300 1.5x, https:\/\/i0.wp.com\/www.larouelibre.fr\/blog\/wp-content\/uploads\/2022\/11\/MicrosoftTeams-image-110.jpg?fit=1200%2C792&ssl=1&resize=700%2C400 2x, https:\/\/i0.wp.com\/www.larouelibre.fr\/blog\/wp-content\/uploads\/2022\/11\/MicrosoftTeams-image-110.jpg?fit=1200%2C792&ssl=1&resize=1050%2C600 3x"},"classes":[]},{"id":23040,"url":"https:\/\/www.larouelibre.fr\/blog\/2023\/10\/16\/lapierre-les-nouveaux-glp3-arrivent\/","url_meta":{"origin":23153,"position":5},"title":"LAPIERRE: Les nouveaux GLP3 arrivent!","author":"La Roue Libre","date":"16 octobre 2023","format":false,"excerpt":"Bonne nouvelle pour ceux qui l'attendent depuis plusieurs semaines. Les premiers GLP3 arriveront en fin de semaine pour la version Team. Les autres versions suivront dans les semaines \u00e0 venir. Le GLP III est l\u2019aboutissement d\u2019un\u00a0travail de d\u00e9veloppement pointu\u00a0et unique. Con\u00e7u par des experts, test\u00e9 en laboratoire et valid\u00e9 par\u2026","rel":"","context":"Dans &quot;news&quot;","block_context":{"text":"news","link":"https:\/\/www.larouelibre.fr\/blog\/category\/news\/"},"img":{"alt_text":"","src":"https:\/\/i0.wp.com\/www.larouelibre.fr\/blog\/wp-content\/uploads\/2023\/10\/ovv_heritage2.jpg?fit=992%2C661&ssl=1&resize=350%2C200","width":350,"height":200,"srcset":"https:\/\/i0.wp.com\/www.larouelibre.fr\/blog\/wp-content\/uploads\/2023\/10\/ovv_heritage2.jpg?fit=992%2C661&ssl=1&resize=350%2C200 1x, https:\/\/i0.wp.com\/www.larouelibre.fr\/blog\/wp-content\/uploads\/2023\/10\/ovv_heritage2.jpg?fit=992%2C661&ssl=1&resize=525%2C300 1.5x, https:\/\/i0.wp.com\/www.larouelibre.fr\/blog\/wp-content\/uploads\/2023\/10\/ovv_heritage2.jpg?fit=992%2C661&ssl=1&resize=700%2C400 2x"},"classes":[]}],"_links":{"self":[{"href":"https:\/\/www.larouelibre.fr\/blog\/wp-json\/wp\/v2\/posts\/23153","targetHints":{"allow":["GET"]}}],"collection":[{"href":"https:\/\/www.larouelibre.fr\/blog\/wp-json\/wp\/v2\/posts"}],"about":[{"href":"https:\/\/www.larouelibre.fr\/blog\/wp-json\/wp\/v2\/types\/post"}],"author":[{"embeddable":true,"href":"https:\/\/www.larouelibre.fr\/blog\/wp-json\/wp\/v2\/users\/1"}],"replies":[{"embeddable":true,"href":"https:\/\/www.larouelibre.fr\/blog\/wp-json\/wp\/v2\/comments?post=23153"}],"version-history":[{"count":1,"href":"https:\/\/www.larouelibre.fr\/blog\/wp-json\/wp\/v2\/posts\/23153\/revisions"}],"predecessor-version":[{"id":23160,"href":"https:\/\/www.larouelibre.fr\/blog\/wp-json\/wp\/v2\/posts\/23153\/revisions\/23160"}],"wp:featuredmedia":[{"embeddable":true,"href":"https:\/\/www.larouelibre.fr\/blog\/wp-json\/wp\/v2\/media\/23154"}],"wp:attachment":[{"href":"https:\/\/www.larouelibre.fr\/blog\/wp-json\/wp\/v2\/media?parent=23153"}],"wp:term":[{"taxonomy":"category","embeddable":true,"href":"https:\/\/www.larouelibre.fr\/blog\/wp-json\/wp\/v2\/categories?post=23153"},{"taxonomy":"post_tag","embeddable":true,"href":"https:\/\/www.larouelibre.fr\/blog\/wp-json\/wp\/v2\/tags?post=23153"}],"curies":[{"name":"wp","href":"https:\/\/api.w.org\/{rel}","templated":true}]}}