{"id":23148,"date":"2024-05-24T11:34:28","date_gmt":"2024-05-24T09:34:28","guid":{"rendered":"https:\/\/www.larouelibre.fr\/blog\/?p=23148"},"modified":"2024-05-24T11:34:29","modified_gmt":"2024-05-24T09:34:29","slug":"la-cyclosportive-de-la-fete-du-velo-samedi-8-juin-2024","status":"publish","type":"post","link":"https:\/\/www.larouelibre.fr\/blog\/2024\/05\/24\/la-cyclosportive-de-la-fete-du-velo-samedi-8-juin-2024\/","title":{"rendered":"LA CYCLOSPORTIVE DE LA FETE DU VELO &#8211; SAMEDI 8 JUIN 2024"},"content":{"rendered":"\n<p class=\"has-text-align-justify\">Vous voulez participer \u00e0 une belle cyclosportive avec l&rsquo;arriv\u00e9e des beaux jours? Vous pouvez marquer cette date dans vos agendas, le Samedi 8 Juin 2024 aura lieu La Cyclosportive de la F\u00eate du v\u00e9lo. Ouverte \u00e0 tous sur un parcours de 60 kilom\u00e8tres avec 1000 m\u00e8tres de d\u00e9nivel\u00e9 positif, le d\u00e9part sera donn\u00e9 aux Quai des Etats Unis \u00e0 8H30.<\/p>\n\n\n\n<p class=\"has-text-align-center\">L&rsquo;inscription est gratuite, alors il n&rsquo;y a pas de raisons pour manquer cette belle initiative!<\/p>\n\n\n\n<p class=\"has-text-align-center\">Amis cyclistes, on compte sur vous!<\/p>\n\n\n<div class=\"wp-block-image\">\n<figure class=\"aligncenter size-large\"><img data-recalc-dims=\"1\" loading=\"lazy\" decoding=\"async\" width=\"574\" height=\"800\" data-attachment-id=\"23149\" data-permalink=\"https:\/\/www.larouelibre.fr\/blog\/2024\/05\/24\/la-cyclosportive-de-la-fete-du-velo-samedi-8-juin-2024\/a3_cyclosportive-fete-du-velo-2024-hd\/\" data-orig-file=\"https:\/\/i0.wp.com\/www.larouelibre.fr\/blog\/wp-content\/uploads\/2024\/05\/A3_Cyclosportive-Fete-du-Velo-2024-HD-scaled.jpg?fit=1836%2C2560&amp;ssl=1\" data-orig-size=\"1836,2560\" data-comments-opened=\"1\" data-image-meta=\"{&quot;aperture&quot;:&quot;0&quot;,&quot;credit&quot;:&quot;&quot;,&quot;camera&quot;:&quot;&quot;,&quot;caption&quot;:&quot;&quot;,&quot;created_timestamp&quot;:&quot;0&quot;,&quot;copyright&quot;:&quot;&quot;,&quot;focal_length&quot;:&quot;0&quot;,&quot;iso&quot;:&quot;0&quot;,&quot;shutter_speed&quot;:&quot;0&quot;,&quot;title&quot;:&quot;&quot;,&quot;orientation&quot;:&quot;0&quot;}\" data-image-title=\"A3_Cyclosportive-Fete-du-Velo-2024-HD\" data-image-description=\"\" data-image-caption=\"\" data-medium-file=\"https:\/\/i0.wp.com\/www.larouelibre.fr\/blog\/wp-content\/uploads\/2024\/05\/A3_Cyclosportive-Fete-du-Velo-2024-HD-scaled.jpg?fit=287%2C400&amp;ssl=1\" data-large-file=\"https:\/\/i0.wp.com\/www.larouelibre.fr\/blog\/wp-content\/uploads\/2024\/05\/A3_Cyclosportive-Fete-du-Velo-2024-HD-scaled.jpg?fit=574%2C800&amp;ssl=1\" src=\"https:\/\/i0.wp.com\/www.larouelibre.fr\/blog\/wp-content\/uploads\/2024\/05\/A3_Cyclosportive-Fete-du-Velo-2024-HD.jpg?resize=574%2C800&#038;ssl=1\" alt=\"\" class=\"wp-image-23149\" srcset=\"https:\/\/i0.wp.com\/www.larouelibre.fr\/blog\/wp-content\/uploads\/2024\/05\/A3_Cyclosportive-Fete-du-Velo-2024-HD-scaled.jpg?resize=574%2C800&amp;ssl=1 574w, https:\/\/i0.wp.com\/www.larouelibre.fr\/blog\/wp-content\/uploads\/2024\/05\/A3_Cyclosportive-Fete-du-Velo-2024-HD-scaled.jpg?resize=287%2C400&amp;ssl=1 287w, https:\/\/i0.wp.com\/www.larouelibre.fr\/blog\/wp-content\/uploads\/2024\/05\/A3_Cyclosportive-Fete-du-Velo-2024-HD-scaled.jpg?resize=768%2C1071&amp;ssl=1 768w, https:\/\/i0.wp.com\/www.larouelibre.fr\/blog\/wp-content\/uploads\/2024\/05\/A3_Cyclosportive-Fete-du-Velo-2024-HD-scaled.jpg?resize=1102%2C1536&amp;ssl=1 1102w, https:\/\/i0.wp.com\/www.larouelibre.fr\/blog\/wp-content\/uploads\/2024\/05\/A3_Cyclosportive-Fete-du-Velo-2024-HD-scaled.jpg?resize=1469%2C2048&amp;ssl=1 1469w, https:\/\/i0.wp.com\/www.larouelibre.fr\/blog\/wp-content\/uploads\/2024\/05\/A3_Cyclosportive-Fete-du-Velo-2024-HD-scaled.jpg?resize=696%2C970&amp;ssl=1 696w, https:\/\/i0.wp.com\/www.larouelibre.fr\/blog\/wp-content\/uploads\/2024\/05\/A3_Cyclosportive-Fete-du-Velo-2024-HD-scaled.jpg?resize=1068%2C1489&amp;ssl=1 1068w, https:\/\/i0.wp.com\/www.larouelibre.fr\/blog\/wp-content\/uploads\/2024\/05\/A3_Cyclosportive-Fete-du-Velo-2024-HD-scaled.jpg?w=1836&amp;ssl=1 1836w, https:\/\/i0.wp.com\/www.larouelibre.fr\/blog\/wp-content\/uploads\/2024\/05\/A3_Cyclosportive-Fete-du-Velo-2024-HD-scaled.jpg?w=1392&amp;ssl=1 1392w\" sizes=\"auto, (max-width: 574px) 100vw, 574px\" \/><\/figure>\n<\/div>\n\n\n<p class=\"has-text-align-center\"><strong>Inscriptions et renseignements sur www.sport-up.fr<\/strong><\/p>\n","protected":false},"excerpt":{"rendered":"<p>Vous voulez participer \u00e0 une belle cyclosportive avec l&rsquo;arriv\u00e9e des beaux jours? Vous pouvez marquer cette date dans vos agendas, le Samedi 8 Juin 2024 aura lieu La Cyclosportive de la F\u00eate du v\u00e9lo. Ouverte \u00e0 tous sur un parcours de 60 kilom\u00e8tres avec 1000 m\u00e8tres de d\u00e9nivel\u00e9 positif, le d\u00e9part sera donn\u00e9 aux Quai [&hellip;]<\/p>\n","protected":false},"author":1,"featured_media":23150,"comment_status":"open","ping_status":"open","sticky":false,"template":"","format":"standard","meta":{"jetpack_post_was_ever_published":false,"_jetpack_newsletter_access":"","_jetpack_dont_email_post_to_subs":false,"_jetpack_newsletter_tier_id":0,"_jetpack_memberships_contains_paywalled_content":false,"_jetpack_memberships_contains_paid_content":false,"footnotes":"","jetpack_publicize_message":"","jetpack_publicize_feature_enabled":true,"jetpack_social_post_already_shared":true,"jetpack_social_options":{"image_generator_settings":{"template":"highway","default_image_id":0,"font":"","enabled":false},"version":2}},"categories":[80],"tags":[],"class_list":{"0":"post-23148","1":"post","2":"type-post","3":"status-publish","4":"format-standard","5":"has-post-thumbnail","7":"category-news"},"yoast_head":"<!-- This site is optimized with the Yoast SEO plugin v26.5 - https:\/\/yoast.com\/wordpress\/plugins\/seo\/ -->\n<title>LA CYCLOSPORTIVE DE LA FETE DU VELO - SAMEDI 8 JUIN 2024 - La Roue Libre<\/title>\n<meta name=\"robots\" content=\"index, follow, max-snippet:-1, max-image-preview:large, max-video-preview:-1\" \/>\n<link rel=\"canonical\" href=\"https:\/\/www.larouelibre.fr\/blog\/2024\/05\/24\/la-cyclosportive-de-la-fete-du-velo-samedi-8-juin-2024\/\" \/>\n<meta property=\"og:locale\" content=\"fr_FR\" \/>\n<meta property=\"og:type\" content=\"article\" \/>\n<meta property=\"og:title\" content=\"LA CYCLOSPORTIVE DE LA FETE DU VELO - SAMEDI 8 JUIN 2024 - La Roue Libre\" \/>\n<meta property=\"og:description\" content=\"Vous voulez participer \u00e0 une belle cyclosportive avec l&rsquo;arriv\u00e9e des beaux jours? Vous pouvez marquer cette date dans vos agendas, le Samedi 8 Juin 2024 aura lieu La Cyclosportive de la F\u00eate du v\u00e9lo. Ouverte \u00e0 tous sur un parcours de 60 kilom\u00e8tres avec 1000 m\u00e8tres de d\u00e9nivel\u00e9 positif, le d\u00e9part sera donn\u00e9 aux Quai [&hellip;]\" \/>\n<meta property=\"og:url\" content=\"https:\/\/www.larouelibre.fr\/blog\/2024\/05\/24\/la-cyclosportive-de-la-fete-du-velo-samedi-8-juin-2024\/\" \/>\n<meta property=\"og:site_name\" content=\"La Roue Libre\" \/>\n<meta property=\"article:published_time\" content=\"2024-05-24T09:34:28+00:00\" \/>\n<meta property=\"article:modified_time\" content=\"2024-05-24T09:34:29+00:00\" \/>\n<meta property=\"og:image\" content=\"https:\/\/www.larouelibre.fr\/blog\/wp-content\/uploads\/2024\/05\/FETE-DU-VELO-WEB-2024-600X300.jpg\" \/>\n\t<meta property=\"og:image:width\" content=\"1200\" \/>\n\t<meta property=\"og:image:height\" content=\"600\" \/>\n\t<meta property=\"og:image:type\" content=\"image\/jpeg\" \/>\n<meta name=\"author\" content=\"La Roue Libre\" \/>\n<meta name=\"twitter:card\" content=\"summary_large_image\" \/>\n<meta name=\"twitter:label1\" content=\"\u00c9crit par\" \/>\n\t<meta name=\"twitter:data1\" content=\"La Roue Libre\" \/>\n\t<meta name=\"twitter:label2\" content=\"Dur\u00e9e de lecture estim\u00e9e\" \/>\n\t<meta name=\"twitter:data2\" content=\"1 minute\" \/>\n<script type=\"application\/ld+json\" class=\"yoast-schema-graph\">{\"@context\":\"https:\/\/schema.org\",\"@graph\":[{\"@type\":\"WebPage\",\"@id\":\"https:\/\/www.larouelibre.fr\/blog\/2024\/05\/24\/la-cyclosportive-de-la-fete-du-velo-samedi-8-juin-2024\/\",\"url\":\"https:\/\/www.larouelibre.fr\/blog\/2024\/05\/24\/la-cyclosportive-de-la-fete-du-velo-samedi-8-juin-2024\/\",\"name\":\"LA CYCLOSPORTIVE DE LA FETE DU VELO - SAMEDI 8 JUIN 2024 - La Roue Libre\",\"isPartOf\":{\"@id\":\"https:\/\/www.larouelibre.fr\/blog\/#website\"},\"primaryImageOfPage\":{\"@id\":\"https:\/\/www.larouelibre.fr\/blog\/2024\/05\/24\/la-cyclosportive-de-la-fete-du-velo-samedi-8-juin-2024\/#primaryimage\"},\"image\":{\"@id\":\"https:\/\/www.larouelibre.fr\/blog\/2024\/05\/24\/la-cyclosportive-de-la-fete-du-velo-samedi-8-juin-2024\/#primaryimage\"},\"thumbnailUrl\":\"https:\/\/i0.wp.com\/www.larouelibre.fr\/blog\/wp-content\/uploads\/2024\/05\/FETE-DU-VELO-WEB-2024-600X300.jpg?fit=1200%2C600&ssl=1\",\"datePublished\":\"2024-05-24T09:34:28+00:00\",\"dateModified\":\"2024-05-24T09:34:29+00:00\",\"author\":{\"@id\":\"https:\/\/www.larouelibre.fr\/blog\/#\/schema\/person\/f0e3bfb9ee3260832293b637a20dfca0\"},\"breadcrumb\":{\"@id\":\"https:\/\/www.larouelibre.fr\/blog\/2024\/05\/24\/la-cyclosportive-de-la-fete-du-velo-samedi-8-juin-2024\/#breadcrumb\"},\"inLanguage\":\"fr-FR\",\"potentialAction\":[{\"@type\":\"ReadAction\",\"target\":[\"https:\/\/www.larouelibre.fr\/blog\/2024\/05\/24\/la-cyclosportive-de-la-fete-du-velo-samedi-8-juin-2024\/\"]}]},{\"@type\":\"ImageObject\",\"inLanguage\":\"fr-FR\",\"@id\":\"https:\/\/www.larouelibre.fr\/blog\/2024\/05\/24\/la-cyclosportive-de-la-fete-du-velo-samedi-8-juin-2024\/#primaryimage\",\"url\":\"https:\/\/i0.wp.com\/www.larouelibre.fr\/blog\/wp-content\/uploads\/2024\/05\/FETE-DU-VELO-WEB-2024-600X300.jpg?fit=1200%2C600&ssl=1\",\"contentUrl\":\"https:\/\/i0.wp.com\/www.larouelibre.fr\/blog\/wp-content\/uploads\/2024\/05\/FETE-DU-VELO-WEB-2024-600X300.jpg?fit=1200%2C600&ssl=1\",\"width\":1200,\"height\":600},{\"@type\":\"BreadcrumbList\",\"@id\":\"https:\/\/www.larouelibre.fr\/blog\/2024\/05\/24\/la-cyclosportive-de-la-fete-du-velo-samedi-8-juin-2024\/#breadcrumb\",\"itemListElement\":[{\"@type\":\"ListItem\",\"position\":1,\"name\":\"Accueil\",\"item\":\"https:\/\/www.larouelibre.fr\/blog\/\"},{\"@type\":\"ListItem\",\"position\":2,\"name\":\"LA CYCLOSPORTIVE DE LA FETE DU VELO &#8211; SAMEDI 8 JUIN 2024\"}]},{\"@type\":\"WebSite\",\"@id\":\"https:\/\/www.larouelibre.fr\/blog\/#website\",\"url\":\"https:\/\/www.larouelibre.fr\/blog\/\",\"name\":\"La Roue Libre\",\"description\":\"Votre sp\u00e9cialiste cycle, v\u00e9lo \u00e9lectrique, vtt, v\u00e9lo route \u00e0 Nice et cagnes sur mer\",\"potentialAction\":[{\"@type\":\"SearchAction\",\"target\":{\"@type\":\"EntryPoint\",\"urlTemplate\":\"https:\/\/www.larouelibre.fr\/blog\/?s={search_term_string}\"},\"query-input\":{\"@type\":\"PropertyValueSpecification\",\"valueRequired\":true,\"valueName\":\"search_term_string\"}}],\"inLanguage\":\"fr-FR\"},{\"@type\":\"Person\",\"@id\":\"https:\/\/www.larouelibre.fr\/blog\/#\/schema\/person\/f0e3bfb9ee3260832293b637a20dfca0\",\"name\":\"La Roue Libre\",\"image\":{\"@type\":\"ImageObject\",\"inLanguage\":\"fr-FR\",\"@id\":\"https:\/\/www.larouelibre.fr\/blog\/#\/schema\/person\/image\/\",\"url\":\"https:\/\/secure.gravatar.com\/avatar\/1f3fcb4fdc3a87d34bf1800c7dafbf15c6ab72f0bc50ff91c79228824fd096e6?s=96&d=mm&r=g\",\"contentUrl\":\"https:\/\/secure.gravatar.com\/avatar\/1f3fcb4fdc3a87d34bf1800c7dafbf15c6ab72f0bc50ff91c79228824fd096e6?s=96&d=mm&r=g\",\"caption\":\"La Roue Libre\"},\"description\":\"Votre sp\u00e9cialiste cycle, VTT, v\u00e9los \u00e9lectriques et route depuis 1977!\",\"sameAs\":[\"https:\/\/www.larouelibre.fr\/\"],\"url\":\"https:\/\/www.larouelibre.fr\/blog\/author\/lrl\/\"}]}<\/script>\n<!-- \/ Yoast SEO plugin. -->","yoast_head_json":{"title":"LA CYCLOSPORTIVE DE LA FETE DU VELO - SAMEDI 8 JUIN 2024 - La Roue Libre","robots":{"index":"index","follow":"follow","max-snippet":"max-snippet:-1","max-image-preview":"max-image-preview:large","max-video-preview":"max-video-preview:-1"},"canonical":"https:\/\/www.larouelibre.fr\/blog\/2024\/05\/24\/la-cyclosportive-de-la-fete-du-velo-samedi-8-juin-2024\/","og_locale":"fr_FR","og_type":"article","og_title":"LA CYCLOSPORTIVE DE LA FETE DU VELO - SAMEDI 8 JUIN 2024 - La Roue Libre","og_description":"Vous voulez participer \u00e0 une belle cyclosportive avec l&rsquo;arriv\u00e9e des beaux jours? Vous pouvez marquer cette date dans vos agendas, le Samedi 8 Juin 2024 aura lieu La Cyclosportive de la F\u00eate du v\u00e9lo. Ouverte \u00e0 tous sur un parcours de 60 kilom\u00e8tres avec 1000 m\u00e8tres de d\u00e9nivel\u00e9 positif, le d\u00e9part sera donn\u00e9 aux Quai [&hellip;]","og_url":"https:\/\/www.larouelibre.fr\/blog\/2024\/05\/24\/la-cyclosportive-de-la-fete-du-velo-samedi-8-juin-2024\/","og_site_name":"La Roue Libre","article_published_time":"2024-05-24T09:34:28+00:00","article_modified_time":"2024-05-24T09:34:29+00:00","og_image":[{"width":1200,"height":600,"url":"https:\/\/www.larouelibre.fr\/blog\/wp-content\/uploads\/2024\/05\/FETE-DU-VELO-WEB-2024-600X300.jpg","type":"image\/jpeg"}],"author":"La Roue Libre","twitter_card":"summary_large_image","twitter_misc":{"\u00c9crit par":"La Roue Libre","Dur\u00e9e de lecture estim\u00e9e":"1 minute"},"schema":{"@context":"https:\/\/schema.org","@graph":[{"@type":"WebPage","@id":"https:\/\/www.larouelibre.fr\/blog\/2024\/05\/24\/la-cyclosportive-de-la-fete-du-velo-samedi-8-juin-2024\/","url":"https:\/\/www.larouelibre.fr\/blog\/2024\/05\/24\/la-cyclosportive-de-la-fete-du-velo-samedi-8-juin-2024\/","name":"LA CYCLOSPORTIVE DE LA FETE DU VELO - SAMEDI 8 JUIN 2024 - La Roue Libre","isPartOf":{"@id":"https:\/\/www.larouelibre.fr\/blog\/#website"},"primaryImageOfPage":{"@id":"https:\/\/www.larouelibre.fr\/blog\/2024\/05\/24\/la-cyclosportive-de-la-fete-du-velo-samedi-8-juin-2024\/#primaryimage"},"image":{"@id":"https:\/\/www.larouelibre.fr\/blog\/2024\/05\/24\/la-cyclosportive-de-la-fete-du-velo-samedi-8-juin-2024\/#primaryimage"},"thumbnailUrl":"https:\/\/i0.wp.com\/www.larouelibre.fr\/blog\/wp-content\/uploads\/2024\/05\/FETE-DU-VELO-WEB-2024-600X300.jpg?fit=1200%2C600&ssl=1","datePublished":"2024-05-24T09:34:28+00:00","dateModified":"2024-05-24T09:34:29+00:00","author":{"@id":"https:\/\/www.larouelibre.fr\/blog\/#\/schema\/person\/f0e3bfb9ee3260832293b637a20dfca0"},"breadcrumb":{"@id":"https:\/\/www.larouelibre.fr\/blog\/2024\/05\/24\/la-cyclosportive-de-la-fete-du-velo-samedi-8-juin-2024\/#breadcrumb"},"inLanguage":"fr-FR","potentialAction":[{"@type":"ReadAction","target":["https:\/\/www.larouelibre.fr\/blog\/2024\/05\/24\/la-cyclosportive-de-la-fete-du-velo-samedi-8-juin-2024\/"]}]},{"@type":"ImageObject","inLanguage":"fr-FR","@id":"https:\/\/www.larouelibre.fr\/blog\/2024\/05\/24\/la-cyclosportive-de-la-fete-du-velo-samedi-8-juin-2024\/#primaryimage","url":"https:\/\/i0.wp.com\/www.larouelibre.fr\/blog\/wp-content\/uploads\/2024\/05\/FETE-DU-VELO-WEB-2024-600X300.jpg?fit=1200%2C600&ssl=1","contentUrl":"https:\/\/i0.wp.com\/www.larouelibre.fr\/blog\/wp-content\/uploads\/2024\/05\/FETE-DU-VELO-WEB-2024-600X300.jpg?fit=1200%2C600&ssl=1","width":1200,"height":600},{"@type":"BreadcrumbList","@id":"https:\/\/www.larouelibre.fr\/blog\/2024\/05\/24\/la-cyclosportive-de-la-fete-du-velo-samedi-8-juin-2024\/#breadcrumb","itemListElement":[{"@type":"ListItem","position":1,"name":"Accueil","item":"https:\/\/www.larouelibre.fr\/blog\/"},{"@type":"ListItem","position":2,"name":"LA CYCLOSPORTIVE DE LA FETE DU VELO &#8211; SAMEDI 8 JUIN 2024"}]},{"@type":"WebSite","@id":"https:\/\/www.larouelibre.fr\/blog\/#website","url":"https:\/\/www.larouelibre.fr\/blog\/","name":"La Roue Libre","description":"Votre sp\u00e9cialiste cycle, v\u00e9lo \u00e9lectrique, vtt, v\u00e9lo route \u00e0 Nice et cagnes sur mer","potentialAction":[{"@type":"SearchAction","target":{"@type":"EntryPoint","urlTemplate":"https:\/\/www.larouelibre.fr\/blog\/?s={search_term_string}"},"query-input":{"@type":"PropertyValueSpecification","valueRequired":true,"valueName":"search_term_string"}}],"inLanguage":"fr-FR"},{"@type":"Person","@id":"https:\/\/www.larouelibre.fr\/blog\/#\/schema\/person\/f0e3bfb9ee3260832293b637a20dfca0","name":"La Roue Libre","image":{"@type":"ImageObject","inLanguage":"fr-FR","@id":"https:\/\/www.larouelibre.fr\/blog\/#\/schema\/person\/image\/","url":"https:\/\/secure.gravatar.com\/avatar\/1f3fcb4fdc3a87d34bf1800c7dafbf15c6ab72f0bc50ff91c79228824fd096e6?s=96&d=mm&r=g","contentUrl":"https:\/\/secure.gravatar.com\/avatar\/1f3fcb4fdc3a87d34bf1800c7dafbf15c6ab72f0bc50ff91c79228824fd096e6?s=96&d=mm&r=g","caption":"La Roue Libre"},"description":"Votre sp\u00e9cialiste cycle, VTT, v\u00e9los \u00e9lectriques et route depuis 1977!","sameAs":["https:\/\/www.larouelibre.fr\/"],"url":"https:\/\/www.larouelibre.fr\/blog\/author\/lrl\/"}]}},"jetpack_publicize_connections":[],"jetpack_featured_media_url":"https:\/\/i0.wp.com\/www.larouelibre.fr\/blog\/wp-content\/uploads\/2024\/05\/FETE-DU-VELO-WEB-2024-600X300.jpg?fit=1200%2C600&ssl=1","jetpack_sharing_enabled":true,"jetpack_shortlink":"https:\/\/wp.me\/p7po7v-61m","jetpack-related-posts":[{"id":22913,"url":"https:\/\/www.larouelibre.fr\/blog\/2023\/05\/25\/operation-fete-des-meres-decouvrez-notre-offre\/","url_meta":{"origin":23148,"position":0},"title":"OPERATION FETE DES MERES: D\u00e9couvrez notre offre ;)","author":"La Roue Libre","date":"25 mai 2023","format":false,"excerpt":"Le Dimanche 4 Juin 2023, c'est la f\u00eate des M\u00e8res (on esp\u00e8re que vous ne l'avez pas oubli\u00e9...). Pour l'occasion, vos magasins La Roue Libre de Nice et Cagnes-sur-Mer vous propose une promotion de -10% sur les v\u00e9los Moustache Samedi 27 Xroad 2 Open Smart System 2023 et Moustache Samedi\u2026","rel":"","context":"Dans &quot;Non class\u00e9&quot;","block_context":{"text":"Non class\u00e9","link":"https:\/\/www.larouelibre.fr\/blog\/category\/non-classe\/"},"img":{"alt_text":"","src":"https:\/\/i0.wp.com\/www.larouelibre.fr\/blog\/wp-content\/uploads\/2023\/05\/samedi27_Xroad_promo.jpg?fit=1200%2C800&ssl=1&resize=350%2C200","width":350,"height":200,"srcset":"https:\/\/i0.wp.com\/www.larouelibre.fr\/blog\/wp-content\/uploads\/2023\/05\/samedi27_Xroad_promo.jpg?fit=1200%2C800&ssl=1&resize=350%2C200 1x, https:\/\/i0.wp.com\/www.larouelibre.fr\/blog\/wp-content\/uploads\/2023\/05\/samedi27_Xroad_promo.jpg?fit=1200%2C800&ssl=1&resize=525%2C300 1.5x, https:\/\/i0.wp.com\/www.larouelibre.fr\/blog\/wp-content\/uploads\/2023\/05\/samedi27_Xroad_promo.jpg?fit=1200%2C800&ssl=1&resize=700%2C400 2x, https:\/\/i0.wp.com\/www.larouelibre.fr\/blog\/wp-content\/uploads\/2023\/05\/samedi27_Xroad_promo.jpg?fit=1200%2C800&ssl=1&resize=1050%2C600 3x"},"classes":[]},{"id":23134,"url":"https:\/\/www.larouelibre.fr\/blog\/2024\/05\/15\/nouveau-velo-a-lessai-allonga-max\/","url_meta":{"origin":23148,"position":1},"title":"NOUVEAU VELO A L&rsquo;ESSAI: Allonga Max","author":"La Roue Libre","date":"15 mai 2024","format":false,"excerpt":"Venez d\u00e9couvrir une belle nouveaut\u00e9 Made in Belgique dans votre magasin La Roue Libre Nice. Un v\u00e9lo pliant impressionnant par sa technique de pliage, sa rigidit\u00e9 et sa qualit\u00e9 de fabrication. Un v\u00e9lo que vous pouvez tester en grandeur nature gr\u00e2ce \u00e0 votre magasin pr\u00e9f\u00e9r\u00e9! Le Allonga Max en quelques\u2026","rel":"","context":"Dans &quot;news&quot;","block_context":{"text":"news","link":"https:\/\/www.larouelibre.fr\/blog\/category\/news\/"},"img":{"alt_text":"","src":"https:\/\/i0.wp.com\/www.larouelibre.fr\/blog\/wp-content\/uploads\/2024\/05\/MULTI_ELO.webp?fit=675%2C1200&ssl=1&resize=350%2C200","width":350,"height":200,"srcset":"https:\/\/i0.wp.com\/www.larouelibre.fr\/blog\/wp-content\/uploads\/2024\/05\/MULTI_ELO.webp?fit=675%2C1200&ssl=1&resize=350%2C200 1x, https:\/\/i0.wp.com\/www.larouelibre.fr\/blog\/wp-content\/uploads\/2024\/05\/MULTI_ELO.webp?fit=675%2C1200&ssl=1&resize=525%2C300 1.5x"},"classes":[]},{"id":23165,"url":"https:\/\/www.larouelibre.fr\/blog\/2024\/06\/10\/nouveaute-cipollini-a-assistance-electrique\/","url_meta":{"origin":23148,"position":2},"title":"Nouveaut\u00e9: Cipollini \u00e0 assistance \u00e9lectrique!","author":"La Roue Libre","date":"10 juin 2024","format":false,"excerpt":"Nous avons eu le plaisir de recevoir le tout nouveau Cipollini version \u00e9lectrique, le Flusso. Un cadre carbone haut de gamme avec la qualit\u00e9 de fabrication de la firme italienne. Une v\u00e9lo musculaire en apparence mais avec un moteur Maxon, du douceur incroyable. Sur les parties rapides vous avez l'impression\u2026","rel":"","context":"Dans &quot;news&quot;","block_context":{"text":"news","link":"https:\/\/www.larouelibre.fr\/blog\/category\/news\/"},"img":{"alt_text":"","src":"https:\/\/i0.wp.com\/www.larouelibre.fr\/blog\/wp-content\/uploads\/2024\/06\/flusso_1445x_1_1445x.jpg?fit=1200%2C675&ssl=1&resize=350%2C200","width":350,"height":200,"srcset":"https:\/\/i0.wp.com\/www.larouelibre.fr\/blog\/wp-content\/uploads\/2024\/06\/flusso_1445x_1_1445x.jpg?fit=1200%2C675&ssl=1&resize=350%2C200 1x, https:\/\/i0.wp.com\/www.larouelibre.fr\/blog\/wp-content\/uploads\/2024\/06\/flusso_1445x_1_1445x.jpg?fit=1200%2C675&ssl=1&resize=525%2C300 1.5x, https:\/\/i0.wp.com\/www.larouelibre.fr\/blog\/wp-content\/uploads\/2024\/06\/flusso_1445x_1_1445x.jpg?fit=1200%2C675&ssl=1&resize=700%2C400 2x, https:\/\/i0.wp.com\/www.larouelibre.fr\/blog\/wp-content\/uploads\/2024\/06\/flusso_1445x_1_1445x.jpg?fit=1200%2C675&ssl=1&resize=1050%2C600 3x"},"classes":[]},{"id":23153,"url":"https:\/\/www.larouelibre.fr\/blog\/2024\/06\/03\/moustache-dimanche-28-la-nouveaute-attendue-de-2024\/","url_meta":{"origin":23148,"position":3},"title":"MOUSTACHE DIMANCHE 28: la nouveaut\u00e9 attendue de 2024!","author":"La Roue Libre","date":"3 juin 2024","format":false,"excerpt":"C'est un v\u00e9lo attendu depuis quelques moi par les routards recherchant un v\u00e9lo l\u00e9ger avec une bonne autonomie... Equip\u00e9 du tout nouveau moteur Bosch SX, avec la possibilit\u00e9 d'ajout\u00e9 la nouvelle batterie Bosch Powermore et un look r\u00e9ussi, cela en fait sans doutes le v\u00e9lo de l'ann\u00e9e 2024! Sans contraintes\u2026","rel":"","context":"Dans &quot;news&quot;","block_context":{"text":"news","link":"https:\/\/www.larouelibre.fr\/blog\/category\/news\/"},"img":{"alt_text":"","src":"https:\/\/i0.wp.com\/www.larouelibre.fr\/blog\/wp-content\/uploads\/2024\/06\/16x9-exe-decor-dim28-ok-1-1500x844-1.jpg?fit=1200%2C675&ssl=1&resize=350%2C200","width":350,"height":200,"srcset":"https:\/\/i0.wp.com\/www.larouelibre.fr\/blog\/wp-content\/uploads\/2024\/06\/16x9-exe-decor-dim28-ok-1-1500x844-1.jpg?fit=1200%2C675&ssl=1&resize=350%2C200 1x, https:\/\/i0.wp.com\/www.larouelibre.fr\/blog\/wp-content\/uploads\/2024\/06\/16x9-exe-decor-dim28-ok-1-1500x844-1.jpg?fit=1200%2C675&ssl=1&resize=525%2C300 1.5x, https:\/\/i0.wp.com\/www.larouelibre.fr\/blog\/wp-content\/uploads\/2024\/06\/16x9-exe-decor-dim28-ok-1-1500x844-1.jpg?fit=1200%2C675&ssl=1&resize=700%2C400 2x, https:\/\/i0.wp.com\/www.larouelibre.fr\/blog\/wp-content\/uploads\/2024\/06\/16x9-exe-decor-dim28-ok-1-1500x844-1.jpg?fit=1200%2C675&ssl=1&resize=1050%2C600 3x"},"classes":[]},{"id":22608,"url":"https:\/\/www.larouelibre.fr\/blog\/2022\/08\/02\/des-yuba-bikes-disponibles-pour-la-rentree\/","url_meta":{"origin":23148,"position":4},"title":"DES YUBA BIKES DISPONIBLES POUR LA RENTREE!","author":"La Roue Libre","date":"2 ao\u00fbt 2022","format":false,"excerpt":"Franco-Am\u00e9ricaine,\u00a0Yuba\u00a0est une marque de v\u00e9lo sp\u00e9cialis\u00e9e dans les\u00a0cargos\u00a0et plus sp\u00e9cifiquement les\u00a0longtails. N\u00e9e en 2007, elle est le fruit du travail de\u00a0Benjamin Sarrazin, un Fran\u00e7ais install\u00e9 en Californie qui ne jure que par la nature & le kayak. Soucieux de l\u2019environnement et de son moyen de transport quotidien, il cr\u00e9e le\u2026","rel":"","context":"Dans &quot;Non class\u00e9&quot;","block_context":{"text":"Non class\u00e9","link":"https:\/\/www.larouelibre.fr\/blog\/category\/non-classe\/"},"img":{"alt_text":"","src":"https:\/\/i0.wp.com\/www.larouelibre.fr\/blog\/wp-content\/uploads\/2022\/08\/Yuba_Cargo_Spicy_Curry_Red_Mom_Kid_Hill_New.jpg?fit=960%2C960&ssl=1&resize=350%2C200","width":350,"height":200,"srcset":"https:\/\/i0.wp.com\/www.larouelibre.fr\/blog\/wp-content\/uploads\/2022\/08\/Yuba_Cargo_Spicy_Curry_Red_Mom_Kid_Hill_New.jpg?fit=960%2C960&ssl=1&resize=350%2C200 1x, https:\/\/i0.wp.com\/www.larouelibre.fr\/blog\/wp-content\/uploads\/2022\/08\/Yuba_Cargo_Spicy_Curry_Red_Mom_Kid_Hill_New.jpg?fit=960%2C960&ssl=1&resize=525%2C300 1.5x, https:\/\/i0.wp.com\/www.larouelibre.fr\/blog\/wp-content\/uploads\/2022\/08\/Yuba_Cargo_Spicy_Curry_Red_Mom_Kid_Hill_New.jpg?fit=960%2C960&ssl=1&resize=700%2C400 2x"},"classes":[]},{"id":22801,"url":"https:\/\/www.larouelibre.fr\/blog\/2023\/01\/27\/nouveau-velo-longtail-nous-vous-presentons-le-tern-gsd\/","url_meta":{"origin":23148,"position":5},"title":"NOUVEAU VELO LONGTAIL: nous vous pr\u00e9sentons le TERN GSD!","author":"La Roue Libre","date":"27 janvier 2023","format":false,"excerpt":"Une nouvelle marque a fait son apparition dans notre magasin La Roue Libre Nice. Tern est une marque Ta\u00efwanaise sp\u00e9cialiste du v\u00e9lo cargo, longtail haut de gamme. Le mot \"Tern\" vient de l'anglais et d\u00e9signe une esp\u00e8ce d\u2019oiseau migrateur (la sterne, en fran\u00e7ais) qui parcourt des milliers de kilom\u00e8tres chaque\u2026","rel":"","context":"Dans &quot;Non class\u00e9&quot;","block_context":{"text":"Non class\u00e9","link":"https:\/\/www.larouelibre.fr\/blog\/category\/non-classe\/"},"img":{"alt_text":"","src":"https:\/\/i0.wp.com\/www.larouelibre.fr\/blog\/wp-content\/uploads\/2023\/01\/GSD-G2-easytomanage.jpg?fit=1200%2C600&ssl=1&resize=350%2C200","width":350,"height":200,"srcset":"https:\/\/i0.wp.com\/www.larouelibre.fr\/blog\/wp-content\/uploads\/2023\/01\/GSD-G2-easytomanage.jpg?fit=1200%2C600&ssl=1&resize=350%2C200 1x, https:\/\/i0.wp.com\/www.larouelibre.fr\/blog\/wp-content\/uploads\/2023\/01\/GSD-G2-easytomanage.jpg?fit=1200%2C600&ssl=1&resize=525%2C300 1.5x, https:\/\/i0.wp.com\/www.larouelibre.fr\/blog\/wp-content\/uploads\/2023\/01\/GSD-G2-easytomanage.jpg?fit=1200%2C600&ssl=1&resize=700%2C400 2x, https:\/\/i0.wp.com\/www.larouelibre.fr\/blog\/wp-content\/uploads\/2023\/01\/GSD-G2-easytomanage.jpg?fit=1200%2C600&ssl=1&resize=1050%2C600 3x"},"classes":[]}],"_links":{"self":[{"href":"https:\/\/www.larouelibre.fr\/blog\/wp-json\/wp\/v2\/posts\/23148","targetHints":{"allow":["GET"]}}],"collection":[{"href":"https:\/\/www.larouelibre.fr\/blog\/wp-json\/wp\/v2\/posts"}],"about":[{"href":"https:\/\/www.larouelibre.fr\/blog\/wp-json\/wp\/v2\/types\/post"}],"author":[{"embeddable":true,"href":"https:\/\/www.larouelibre.fr\/blog\/wp-json\/wp\/v2\/users\/1"}],"replies":[{"embeddable":true,"href":"https:\/\/www.larouelibre.fr\/blog\/wp-json\/wp\/v2\/comments?post=23148"}],"version-history":[{"count":1,"href":"https:\/\/www.larouelibre.fr\/blog\/wp-json\/wp\/v2\/posts\/23148\/revisions"}],"predecessor-version":[{"id":23151,"href":"https:\/\/www.larouelibre.fr\/blog\/wp-json\/wp\/v2\/posts\/23148\/revisions\/23151"}],"wp:featuredmedia":[{"embeddable":true,"href":"https:\/\/www.larouelibre.fr\/blog\/wp-json\/wp\/v2\/media\/23150"}],"wp:attachment":[{"href":"https:\/\/www.larouelibre.fr\/blog\/wp-json\/wp\/v2\/media?parent=23148"}],"wp:term":[{"taxonomy":"category","embeddable":true,"href":"https:\/\/www.larouelibre.fr\/blog\/wp-json\/wp\/v2\/categories?post=23148"},{"taxonomy":"post_tag","embeddable":true,"href":"https:\/\/www.larouelibre.fr\/blog\/wp-json\/wp\/v2\/tags?post=23148"}],"curies":[{"name":"wp","href":"https:\/\/api.w.org\/{rel}","templated":true}]}}