{"id":23134,"date":"2024-05-15T10:58:15","date_gmt":"2024-05-15T08:58:15","guid":{"rendered":"https:\/\/www.larouelibre.fr\/blog\/?p=23134"},"modified":"2024-05-15T11:01:50","modified_gmt":"2024-05-15T09:01:50","slug":"nouveau-velo-a-lessai-allonga-max","status":"publish","type":"post","link":"https:\/\/www.larouelibre.fr\/blog\/2024\/05\/15\/nouveau-velo-a-lessai-allonga-max\/","title":{"rendered":"NOUVEAU VELO A L&rsquo;ESSAI: Allonga Max"},"content":{"rendered":"\n<p>Venez d\u00e9couvrir une belle nouveaut\u00e9 Made in Belgique dans votre magasin La Roue Libre Nice. Un v\u00e9lo pliant impressionnant par sa technique de pliage, sa rigidit\u00e9 et sa qualit\u00e9 de fabrication. Un v\u00e9lo que vous pouvez tester en grandeur nature gr\u00e2ce \u00e0 votre magasin pr\u00e9f\u00e9r\u00e9!<\/p>\n\n\n\n<h2 class=\"wp-block-heading has-text-align-center\">Le Allonga Max en quelques mots:<\/h2>\n\n\n\n<p><strong>Doit-on vraiment choisir entre solidit\u00e9 et flexibilit\u00e9? <\/strong>Les ing\u00e9nieurs d&rsquo;Allonga ne sont pas de cet avis. Ils ont cr\u00e9\u00e9 Max : une merveille dynamique de 20 pouces qui roule partout et vous suit n\u2019importe o\u00f9.<\/p>\n\n\n\n<figure class=\"wp-block-video\"><video height=\"1080\" style=\"aspect-ratio: 864 \/ 1080;\" width=\"864\" controls src=\"https:\/\/www.larouelibre.fr\/blog\/wp-content\/uploads\/2024\/05\/c879319e7b084548a673ab36ad1f5fef.HD-1080p-7.2Mbps-24140060.mp4\"><\/video><\/figure>\n\n\n\n<p>Gr\u00e2ce \u00e0 son pliage rapide et compact, Max se glisse dans les trains bond\u00e9s, se range dans votre coffre ou sous votre bureau.<strong> Roulez, marchez, rangez.<\/strong><\/p>\n\n\n\n<p>La batterie amovible est rang\u00e9e sous cl\u00e9 dans le cadre, vous pouvez la recharger sur le v\u00e9lo ou en dehors. Un pliage simple pour un esprit tranquille.<\/p>\n\n\n\n<h2 class=\"wp-block-heading\">Un cadre brevet\u00e9!<\/h2>\n\n\n\n<p>La plupart des v\u00e9los pliants coupent leur barre transversale en deux pour leur pliage, ce qui peut rendre la conduite instable. Max s&rsquo;affranchit de la norme gr\u00e2ce \u00e0 son design brevet\u00e9 : le double triangle offre une agilit\u00e9 sup\u00e9rieure \u2013 <strong>les sensations rivalisent n\u2019importe quel autre v\u00e9lo non-pliable.<\/strong> Vous le sentirez dans les virages !<\/p>\n\n\n\n<figure class=\"wp-block-video\"><video height=\"1080\" style=\"aspect-ratio: 864 \/ 1080;\" width=\"864\" controls src=\"https:\/\/www.larouelibre.fr\/blog\/wp-content\/uploads\/2024\/05\/790960b187e54f759881ca16698ca773.HD-1080p-7.2Mbps-24139927.mp4\"><\/video><\/figure>\n\n\n\n<h2 class=\"wp-block-heading\">Electrique et puissant<\/h2>\n\n\n<div class=\"wp-block-image\">\n<figure class=\"aligncenter size-large\"><img data-recalc-dims=\"1\" loading=\"lazy\" decoding=\"async\" width=\"696\" height=\"469\" data-attachment-id=\"23139\" data-permalink=\"https:\/\/www.larouelibre.fr\/blog\/2024\/05\/15\/nouveau-velo-a-lessai-allonga-max\/ahooga_max-1\/\" data-orig-file=\"https:\/\/i0.wp.com\/www.larouelibre.fr\/blog\/wp-content\/uploads\/2024\/05\/ahooga_max-1.jpg?fit=2220%2C1496&amp;ssl=1\" data-orig-size=\"2220,1496\" data-comments-opened=\"1\" data-image-meta=\"{&quot;aperture&quot;:&quot;0&quot;,&quot;credit&quot;:&quot;&quot;,&quot;camera&quot;:&quot;&quot;,&quot;caption&quot;:&quot;&quot;,&quot;created_timestamp&quot;:&quot;0&quot;,&quot;copyright&quot;:&quot;&quot;,&quot;focal_length&quot;:&quot;0&quot;,&quot;iso&quot;:&quot;0&quot;,&quot;shutter_speed&quot;:&quot;0&quot;,&quot;title&quot;:&quot;&quot;,&quot;orientation&quot;:&quot;0&quot;}\" data-image-title=\"ahooga_max-1\" data-image-description=\"\" data-image-caption=\"\" data-medium-file=\"https:\/\/i0.wp.com\/www.larouelibre.fr\/blog\/wp-content\/uploads\/2024\/05\/ahooga_max-1.jpg?fit=594%2C400&amp;ssl=1\" data-large-file=\"https:\/\/i0.wp.com\/www.larouelibre.fr\/blog\/wp-content\/uploads\/2024\/05\/ahooga_max-1.jpg?fit=696%2C469&amp;ssl=1\" src=\"https:\/\/i0.wp.com\/www.larouelibre.fr\/blog\/wp-content\/uploads\/2024\/05\/ahooga_max-1.jpg?resize=696%2C469&#038;ssl=1\" alt=\"\" class=\"wp-image-23139\" srcset=\"https:\/\/i0.wp.com\/www.larouelibre.fr\/blog\/wp-content\/uploads\/2024\/05\/ahooga_max-1.jpg?resize=1187%2C800&amp;ssl=1 1187w, https:\/\/i0.wp.com\/www.larouelibre.fr\/blog\/wp-content\/uploads\/2024\/05\/ahooga_max-1.jpg?resize=594%2C400&amp;ssl=1 594w, https:\/\/i0.wp.com\/www.larouelibre.fr\/blog\/wp-content\/uploads\/2024\/05\/ahooga_max-1.jpg?resize=768%2C518&amp;ssl=1 768w, https:\/\/i0.wp.com\/www.larouelibre.fr\/blog\/wp-content\/uploads\/2024\/05\/ahooga_max-1.jpg?resize=1536%2C1035&amp;ssl=1 1536w, https:\/\/i0.wp.com\/www.larouelibre.fr\/blog\/wp-content\/uploads\/2024\/05\/ahooga_max-1.jpg?resize=2048%2C1380&amp;ssl=1 2048w, https:\/\/i0.wp.com\/www.larouelibre.fr\/blog\/wp-content\/uploads\/2024\/05\/ahooga_max-1.jpg?resize=696%2C469&amp;ssl=1 696w, https:\/\/i0.wp.com\/www.larouelibre.fr\/blog\/wp-content\/uploads\/2024\/05\/ahooga_max-1.jpg?resize=1068%2C720&amp;ssl=1 1068w, https:\/\/i0.wp.com\/www.larouelibre.fr\/blog\/wp-content\/uploads\/2024\/05\/ahooga_max-1.jpg?resize=1920%2C1294&amp;ssl=1 1920w, https:\/\/i0.wp.com\/www.larouelibre.fr\/blog\/wp-content\/uploads\/2024\/05\/ahooga_max-1.jpg?w=1392&amp;ssl=1 1392w\" sizes=\"auto, (max-width: 696px) 100vw, 696px\" \/><\/figure>\n<\/div>\n\n\n<p>Avec une autonomie allant jusqu&rsquo;\u00e0 60 km, et gr\u00e2ce au capteur de couple fiable, vos aventures urbaines n\u2019ont plus de limites. Doublez votre autonomie avec notre prolongateur de batterie pour encore plus de libert\u00e9.<\/p>\n\n\n\n<h2 class=\"wp-block-heading\">Urbain comme vous<\/h2>\n\n\n\n<p>Avec des pneus larges de 2 pouces, des freins \u00e0 disque et un amortisseur de vibrations, vous pouvez affronter les pav\u00e9s, les rails de tramway \u2013 prendre un raccourci par le parc. Les lumi\u00e8res et les engrenages int\u00e9gr\u00e9s le rendent \u00e0 l&rsquo;\u00e9preuve de la ville : l\u2019entretien est facile, sans tracas.<\/p>\n\n\n\n<p>Le si\u00e8ge et le cockpit s&rsquo;ajustent \u00e0 votre style de conduite pr\u00e9f\u00e9r\u00e9. Montez les racks pour y accrocher nos sacs click-in qui vous aideront dans tous vos d\u00e9placements, vos courses ou vos aventures urbaines. Max reste enti\u00e8rement pliable tout en s&rsquo;adaptant \u00e0 vos besoins.<\/p>\n\n\n\n<p><\/p>\n\n\n\n<div class=\"wp-block-buttons is-layout-flex wp-block-buttons-is-layout-flex\">\n<div class=\"wp-block-button has-custom-width wp-block-button__width-100 has-custom-font-size has-regular-font-size\"><a class=\"wp-block-button__link has-text-align-center wp-element-button\" href=\"https:\/\/www.larouelibre.fr\/velo-electrique\/velo-electrique-urbain\/ahooga\/23735-ahooga-max-bumblebee-pliant-3000401143242.html\" style=\"border-radius:37px\">D\u00e9couvrir le Allonga Max en d\u00e9tails<\/a><\/div>\n<\/div>\n","protected":false},"excerpt":{"rendered":"<p>Venez d\u00e9couvrir une belle nouveaut\u00e9 Made in Belgique dans votre magasin La Roue Libre Nice. Un v\u00e9lo pliant impressionnant par sa technique de pliage, sa rigidit\u00e9 et sa qualit\u00e9 de fabrication. Un v\u00e9lo que vous pouvez tester en grandeur nature gr\u00e2ce \u00e0 votre magasin pr\u00e9f\u00e9r\u00e9! Le Allonga Max en quelques mots: Doit-on vraiment choisir entre [&hellip;]<\/p>\n","protected":false},"author":1,"featured_media":23136,"comment_status":"open","ping_status":"open","sticky":false,"template":"","format":"standard","meta":{"jetpack_post_was_ever_published":false,"_jetpack_newsletter_access":"","_jetpack_dont_email_post_to_subs":false,"_jetpack_newsletter_tier_id":0,"_jetpack_memberships_contains_paywalled_content":false,"_jetpack_memberships_contains_paid_content":false,"footnotes":"","jetpack_publicize_message":"","jetpack_publicize_feature_enabled":true,"jetpack_social_post_already_shared":true,"jetpack_social_options":{"image_generator_settings":{"template":"highway","default_image_id":0,"font":"","enabled":false},"version":2}},"categories":[80],"tags":[],"class_list":{"0":"post-23134","1":"post","2":"type-post","3":"status-publish","4":"format-standard","5":"has-post-thumbnail","7":"category-news"},"yoast_head":"<!-- This site is optimized with the Yoast SEO plugin v26.5 - https:\/\/yoast.com\/wordpress\/plugins\/seo\/ -->\n<title>NOUVEAU VELO A L&#039;ESSAI: Allonga Max - La Roue Libre<\/title>\n<meta name=\"robots\" content=\"index, follow, max-snippet:-1, max-image-preview:large, max-video-preview:-1\" \/>\n<link rel=\"canonical\" href=\"https:\/\/www.larouelibre.fr\/blog\/2024\/05\/15\/nouveau-velo-a-lessai-allonga-max\/\" \/>\n<meta property=\"og:locale\" content=\"fr_FR\" \/>\n<meta property=\"og:type\" content=\"article\" \/>\n<meta property=\"og:title\" content=\"NOUVEAU VELO A L&#039;ESSAI: Allonga Max - La Roue Libre\" \/>\n<meta property=\"og:description\" content=\"Venez d\u00e9couvrir une belle nouveaut\u00e9 Made in Belgique dans votre magasin La Roue Libre Nice. Un v\u00e9lo pliant impressionnant par sa technique de pliage, sa rigidit\u00e9 et sa qualit\u00e9 de fabrication. Un v\u00e9lo que vous pouvez tester en grandeur nature gr\u00e2ce \u00e0 votre magasin pr\u00e9f\u00e9r\u00e9! Le Allonga Max en quelques mots: Doit-on vraiment choisir entre [&hellip;]\" \/>\n<meta property=\"og:url\" content=\"https:\/\/www.larouelibre.fr\/blog\/2024\/05\/15\/nouveau-velo-a-lessai-allonga-max\/\" \/>\n<meta property=\"og:site_name\" content=\"La Roue Libre\" \/>\n<meta property=\"article:published_time\" content=\"2024-05-15T08:58:15+00:00\" \/>\n<meta property=\"article:modified_time\" content=\"2024-05-15T09:01:50+00:00\" \/>\n<meta property=\"og:image\" content=\"https:\/\/www.larouelibre.fr\/blog\/wp-content\/uploads\/2024\/05\/MULTI_ELO.webp\" \/>\n\t<meta property=\"og:image:width\" content=\"1080\" \/>\n\t<meta property=\"og:image:height\" content=\"1920\" \/>\n\t<meta property=\"og:image:type\" content=\"image\/webp\" \/>\n<meta name=\"author\" content=\"La Roue Libre\" \/>\n<meta name=\"twitter:card\" content=\"summary_large_image\" \/>\n<meta name=\"twitter:label1\" content=\"\u00c9crit par\" \/>\n\t<meta name=\"twitter:data1\" content=\"La Roue Libre\" \/>\n\t<meta name=\"twitter:label2\" content=\"Dur\u00e9e de lecture estim\u00e9e\" \/>\n\t<meta name=\"twitter:data2\" content=\"3 minutes\" \/>\n<script type=\"application\/ld+json\" class=\"yoast-schema-graph\">{\"@context\":\"https:\/\/schema.org\",\"@graph\":[{\"@type\":\"WebPage\",\"@id\":\"https:\/\/www.larouelibre.fr\/blog\/2024\/05\/15\/nouveau-velo-a-lessai-allonga-max\/\",\"url\":\"https:\/\/www.larouelibre.fr\/blog\/2024\/05\/15\/nouveau-velo-a-lessai-allonga-max\/\",\"name\":\"NOUVEAU VELO A L'ESSAI: Allonga Max - La Roue Libre\",\"isPartOf\":{\"@id\":\"https:\/\/www.larouelibre.fr\/blog\/#website\"},\"primaryImageOfPage\":{\"@id\":\"https:\/\/www.larouelibre.fr\/blog\/2024\/05\/15\/nouveau-velo-a-lessai-allonga-max\/#primaryimage\"},\"image\":{\"@id\":\"https:\/\/www.larouelibre.fr\/blog\/2024\/05\/15\/nouveau-velo-a-lessai-allonga-max\/#primaryimage\"},\"thumbnailUrl\":\"https:\/\/i0.wp.com\/www.larouelibre.fr\/blog\/wp-content\/uploads\/2024\/05\/MULTI_ELO.webp?fit=1080%2C1920&ssl=1\",\"datePublished\":\"2024-05-15T08:58:15+00:00\",\"dateModified\":\"2024-05-15T09:01:50+00:00\",\"author\":{\"@id\":\"https:\/\/www.larouelibre.fr\/blog\/#\/schema\/person\/f0e3bfb9ee3260832293b637a20dfca0\"},\"breadcrumb\":{\"@id\":\"https:\/\/www.larouelibre.fr\/blog\/2024\/05\/15\/nouveau-velo-a-lessai-allonga-max\/#breadcrumb\"},\"inLanguage\":\"fr-FR\",\"potentialAction\":[{\"@type\":\"ReadAction\",\"target\":[\"https:\/\/www.larouelibre.fr\/blog\/2024\/05\/15\/nouveau-velo-a-lessai-allonga-max\/\"]}]},{\"@type\":\"ImageObject\",\"inLanguage\":\"fr-FR\",\"@id\":\"https:\/\/www.larouelibre.fr\/blog\/2024\/05\/15\/nouveau-velo-a-lessai-allonga-max\/#primaryimage\",\"url\":\"https:\/\/i0.wp.com\/www.larouelibre.fr\/blog\/wp-content\/uploads\/2024\/05\/MULTI_ELO.webp?fit=1080%2C1920&ssl=1\",\"contentUrl\":\"https:\/\/i0.wp.com\/www.larouelibre.fr\/blog\/wp-content\/uploads\/2024\/05\/MULTI_ELO.webp?fit=1080%2C1920&ssl=1\",\"width\":1080,\"height\":1920},{\"@type\":\"BreadcrumbList\",\"@id\":\"https:\/\/www.larouelibre.fr\/blog\/2024\/05\/15\/nouveau-velo-a-lessai-allonga-max\/#breadcrumb\",\"itemListElement\":[{\"@type\":\"ListItem\",\"position\":1,\"name\":\"Accueil\",\"item\":\"https:\/\/www.larouelibre.fr\/blog\/\"},{\"@type\":\"ListItem\",\"position\":2,\"name\":\"NOUVEAU VELO A L&rsquo;ESSAI: Allonga Max\"}]},{\"@type\":\"WebSite\",\"@id\":\"https:\/\/www.larouelibre.fr\/blog\/#website\",\"url\":\"https:\/\/www.larouelibre.fr\/blog\/\",\"name\":\"La Roue Libre\",\"description\":\"Votre sp\u00e9cialiste cycle, v\u00e9lo \u00e9lectrique, vtt, v\u00e9lo route \u00e0 Nice et cagnes sur mer\",\"potentialAction\":[{\"@type\":\"SearchAction\",\"target\":{\"@type\":\"EntryPoint\",\"urlTemplate\":\"https:\/\/www.larouelibre.fr\/blog\/?s={search_term_string}\"},\"query-input\":{\"@type\":\"PropertyValueSpecification\",\"valueRequired\":true,\"valueName\":\"search_term_string\"}}],\"inLanguage\":\"fr-FR\"},{\"@type\":\"Person\",\"@id\":\"https:\/\/www.larouelibre.fr\/blog\/#\/schema\/person\/f0e3bfb9ee3260832293b637a20dfca0\",\"name\":\"La Roue Libre\",\"image\":{\"@type\":\"ImageObject\",\"inLanguage\":\"fr-FR\",\"@id\":\"https:\/\/www.larouelibre.fr\/blog\/#\/schema\/person\/image\/\",\"url\":\"https:\/\/secure.gravatar.com\/avatar\/1f3fcb4fdc3a87d34bf1800c7dafbf15c6ab72f0bc50ff91c79228824fd096e6?s=96&d=mm&r=g\",\"contentUrl\":\"https:\/\/secure.gravatar.com\/avatar\/1f3fcb4fdc3a87d34bf1800c7dafbf15c6ab72f0bc50ff91c79228824fd096e6?s=96&d=mm&r=g\",\"caption\":\"La Roue Libre\"},\"description\":\"Votre sp\u00e9cialiste cycle, VTT, v\u00e9los \u00e9lectriques et route depuis 1977!\",\"sameAs\":[\"https:\/\/www.larouelibre.fr\/\"],\"url\":\"https:\/\/www.larouelibre.fr\/blog\/author\/lrl\/\"}]}<\/script>\n<!-- \/ Yoast SEO plugin. -->","yoast_head_json":{"title":"NOUVEAU VELO A L'ESSAI: Allonga Max - La Roue Libre","robots":{"index":"index","follow":"follow","max-snippet":"max-snippet:-1","max-image-preview":"max-image-preview:large","max-video-preview":"max-video-preview:-1"},"canonical":"https:\/\/www.larouelibre.fr\/blog\/2024\/05\/15\/nouveau-velo-a-lessai-allonga-max\/","og_locale":"fr_FR","og_type":"article","og_title":"NOUVEAU VELO A L'ESSAI: Allonga Max - La Roue Libre","og_description":"Venez d\u00e9couvrir une belle nouveaut\u00e9 Made in Belgique dans votre magasin La Roue Libre Nice. Un v\u00e9lo pliant impressionnant par sa technique de pliage, sa rigidit\u00e9 et sa qualit\u00e9 de fabrication. Un v\u00e9lo que vous pouvez tester en grandeur nature gr\u00e2ce \u00e0 votre magasin pr\u00e9f\u00e9r\u00e9! Le Allonga Max en quelques mots: Doit-on vraiment choisir entre [&hellip;]","og_url":"https:\/\/www.larouelibre.fr\/blog\/2024\/05\/15\/nouveau-velo-a-lessai-allonga-max\/","og_site_name":"La Roue Libre","article_published_time":"2024-05-15T08:58:15+00:00","article_modified_time":"2024-05-15T09:01:50+00:00","og_image":[{"width":1080,"height":1920,"url":"https:\/\/www.larouelibre.fr\/blog\/wp-content\/uploads\/2024\/05\/MULTI_ELO.webp","type":"image\/webp"}],"author":"La Roue Libre","twitter_card":"summary_large_image","twitter_misc":{"\u00c9crit par":"La Roue Libre","Dur\u00e9e de lecture estim\u00e9e":"3 minutes"},"schema":{"@context":"https:\/\/schema.org","@graph":[{"@type":"WebPage","@id":"https:\/\/www.larouelibre.fr\/blog\/2024\/05\/15\/nouveau-velo-a-lessai-allonga-max\/","url":"https:\/\/www.larouelibre.fr\/blog\/2024\/05\/15\/nouveau-velo-a-lessai-allonga-max\/","name":"NOUVEAU VELO A L'ESSAI: Allonga Max - La Roue Libre","isPartOf":{"@id":"https:\/\/www.larouelibre.fr\/blog\/#website"},"primaryImageOfPage":{"@id":"https:\/\/www.larouelibre.fr\/blog\/2024\/05\/15\/nouveau-velo-a-lessai-allonga-max\/#primaryimage"},"image":{"@id":"https:\/\/www.larouelibre.fr\/blog\/2024\/05\/15\/nouveau-velo-a-lessai-allonga-max\/#primaryimage"},"thumbnailUrl":"https:\/\/i0.wp.com\/www.larouelibre.fr\/blog\/wp-content\/uploads\/2024\/05\/MULTI_ELO.webp?fit=1080%2C1920&ssl=1","datePublished":"2024-05-15T08:58:15+00:00","dateModified":"2024-05-15T09:01:50+00:00","author":{"@id":"https:\/\/www.larouelibre.fr\/blog\/#\/schema\/person\/f0e3bfb9ee3260832293b637a20dfca0"},"breadcrumb":{"@id":"https:\/\/www.larouelibre.fr\/blog\/2024\/05\/15\/nouveau-velo-a-lessai-allonga-max\/#breadcrumb"},"inLanguage":"fr-FR","potentialAction":[{"@type":"ReadAction","target":["https:\/\/www.larouelibre.fr\/blog\/2024\/05\/15\/nouveau-velo-a-lessai-allonga-max\/"]}]},{"@type":"ImageObject","inLanguage":"fr-FR","@id":"https:\/\/www.larouelibre.fr\/blog\/2024\/05\/15\/nouveau-velo-a-lessai-allonga-max\/#primaryimage","url":"https:\/\/i0.wp.com\/www.larouelibre.fr\/blog\/wp-content\/uploads\/2024\/05\/MULTI_ELO.webp?fit=1080%2C1920&ssl=1","contentUrl":"https:\/\/i0.wp.com\/www.larouelibre.fr\/blog\/wp-content\/uploads\/2024\/05\/MULTI_ELO.webp?fit=1080%2C1920&ssl=1","width":1080,"height":1920},{"@type":"BreadcrumbList","@id":"https:\/\/www.larouelibre.fr\/blog\/2024\/05\/15\/nouveau-velo-a-lessai-allonga-max\/#breadcrumb","itemListElement":[{"@type":"ListItem","position":1,"name":"Accueil","item":"https:\/\/www.larouelibre.fr\/blog\/"},{"@type":"ListItem","position":2,"name":"NOUVEAU VELO A L&rsquo;ESSAI: Allonga Max"}]},{"@type":"WebSite","@id":"https:\/\/www.larouelibre.fr\/blog\/#website","url":"https:\/\/www.larouelibre.fr\/blog\/","name":"La Roue Libre","description":"Votre sp\u00e9cialiste cycle, v\u00e9lo \u00e9lectrique, vtt, v\u00e9lo route \u00e0 Nice et cagnes sur mer","potentialAction":[{"@type":"SearchAction","target":{"@type":"EntryPoint","urlTemplate":"https:\/\/www.larouelibre.fr\/blog\/?s={search_term_string}"},"query-input":{"@type":"PropertyValueSpecification","valueRequired":true,"valueName":"search_term_string"}}],"inLanguage":"fr-FR"},{"@type":"Person","@id":"https:\/\/www.larouelibre.fr\/blog\/#\/schema\/person\/f0e3bfb9ee3260832293b637a20dfca0","name":"La Roue Libre","image":{"@type":"ImageObject","inLanguage":"fr-FR","@id":"https:\/\/www.larouelibre.fr\/blog\/#\/schema\/person\/image\/","url":"https:\/\/secure.gravatar.com\/avatar\/1f3fcb4fdc3a87d34bf1800c7dafbf15c6ab72f0bc50ff91c79228824fd096e6?s=96&d=mm&r=g","contentUrl":"https:\/\/secure.gravatar.com\/avatar\/1f3fcb4fdc3a87d34bf1800c7dafbf15c6ab72f0bc50ff91c79228824fd096e6?s=96&d=mm&r=g","caption":"La Roue Libre"},"description":"Votre sp\u00e9cialiste cycle, VTT, v\u00e9los \u00e9lectriques et route depuis 1977!","sameAs":["https:\/\/www.larouelibre.fr\/"],"url":"https:\/\/www.larouelibre.fr\/blog\/author\/lrl\/"}]}},"jetpack_publicize_connections":[],"jetpack_featured_media_url":"https:\/\/i0.wp.com\/www.larouelibre.fr\/blog\/wp-content\/uploads\/2024\/05\/MULTI_ELO.webp?fit=1080%2C1920&ssl=1","jetpack_sharing_enabled":true,"jetpack_shortlink":"https:\/\/wp.me\/p7po7v-618","jetpack-related-posts":[{"id":22676,"url":"https:\/\/www.larouelibre.fr\/blog\/2022\/09\/13\/les-santacruz-hightower-sont-arrives\/","url_meta":{"origin":23134,"position":0},"title":"LES SANTACRUZ HIGHTOWER SONT ARRIVES!","author":"La Roue Libre","date":"13 septembre 2022","format":false,"excerpt":"La derni\u00e8re g\u00e9n\u00e9ration du Santacruz Hightower reste un best-of en mati\u00e8re d'ing\u00e9nierie. Aujourd'hui retravaill\u00e9, mais toujours par\u00e9 \u00e0 tous les terrains. Grand dans sa taille de roues (29\"), mod\u00e9r\u00e9 en d\u00e9battement et faible en excuses, ce mod\u00e8le \u00e0 tout faire ne cesse d'en redemander gr\u00e2ce \u00e0 un m\u00e9lange \u00e9quilibr\u00e9 entre\u2026","rel":"","context":"Dans &quot;Non class\u00e9&quot;","block_context":{"text":"Non class\u00e9","link":"https:\/\/www.larouelibre.fr\/blog\/category\/non-classe\/"},"img":{"alt_text":"","src":"https:\/\/i0.wp.com\/www.larouelibre.fr\/blog\/wp-content\/uploads\/2022\/09\/santacruz_hightower_purple2.jpg?fit=1200%2C646&ssl=1&resize=350%2C200","width":350,"height":200,"srcset":"https:\/\/i0.wp.com\/www.larouelibre.fr\/blog\/wp-content\/uploads\/2022\/09\/santacruz_hightower_purple2.jpg?fit=1200%2C646&ssl=1&resize=350%2C200 1x, https:\/\/i0.wp.com\/www.larouelibre.fr\/blog\/wp-content\/uploads\/2022\/09\/santacruz_hightower_purple2.jpg?fit=1200%2C646&ssl=1&resize=525%2C300 1.5x, https:\/\/i0.wp.com\/www.larouelibre.fr\/blog\/wp-content\/uploads\/2022\/09\/santacruz_hightower_purple2.jpg?fit=1200%2C646&ssl=1&resize=700%2C400 2x, https:\/\/i0.wp.com\/www.larouelibre.fr\/blog\/wp-content\/uploads\/2022\/09\/santacruz_hightower_purple2.jpg?fit=1200%2C646&ssl=1&resize=1050%2C600 3x"},"classes":[]},{"id":21867,"url":"https:\/\/www.larouelibre.fr\/blog\/2021\/04\/20\/yuba-bikes-de-nouveaux-velos-cargos-arrivent-en-magasin\/","url_meta":{"origin":23134,"position":1},"title":"Yuba Bikes: de nouveaux v\u00e9los cargos arrivent en magasin!","author":"La Roue Libre","date":"20 avril 2021","format":false,"excerpt":"Vous souhaitez laisser votre voiture au garage et pouvoir emmener vos enfants ou m\u00eame des affaires encombrantes sur votre v\u00e9lo? C'est maintenant possible! Yuba bikes, v\u00e9los imagin\u00e9s en Californie depuis 14 ans, fait \u00e9voluer le v\u00e9lo dit \"cargo\" et vous permet de choisir l'\u00e9volution de votre v\u00e9lo en fonction de\u2026","rel":"","context":"Dans &quot;Non class\u00e9&quot;","block_context":{"text":"Non class\u00e9","link":"https:\/\/www.larouelibre.fr\/blog\/category\/non-classe\/"},"img":{"alt_text":"","src":"https:\/\/i0.wp.com\/www.larouelibre.fr\/blog\/wp-content\/uploads\/2021\/04\/yuba_photo2.jpg?fit=1200%2C862&ssl=1&resize=350%2C200","width":350,"height":200,"srcset":"https:\/\/i0.wp.com\/www.larouelibre.fr\/blog\/wp-content\/uploads\/2021\/04\/yuba_photo2.jpg?fit=1200%2C862&ssl=1&resize=350%2C200 1x, https:\/\/i0.wp.com\/www.larouelibre.fr\/blog\/wp-content\/uploads\/2021\/04\/yuba_photo2.jpg?fit=1200%2C862&ssl=1&resize=525%2C300 1.5x, https:\/\/i0.wp.com\/www.larouelibre.fr\/blog\/wp-content\/uploads\/2021\/04\/yuba_photo2.jpg?fit=1200%2C862&ssl=1&resize=700%2C400 2x, https:\/\/i0.wp.com\/www.larouelibre.fr\/blog\/wp-content\/uploads\/2021\/04\/yuba_photo2.jpg?fit=1200%2C862&ssl=1&resize=1050%2C600 3x"},"classes":[]},{"id":21897,"url":"https:\/\/www.larouelibre.fr\/blog\/2021\/07\/05\/cipolini-arrive-en-magasin\/","url_meta":{"origin":23134,"position":2},"title":"Cipollini arrive en magasin!","author":"La Roue Libre","date":"5 juillet 2021","format":false,"excerpt":"Nouveaut\u00e9 dans votre magasin La Roue Libre Nice, la marque haut de gamme de l'ancien coureur italien Mario Cipollini est maintenant disponible! Con\u00e7us et fabriqu\u00e9s \u00e0 la main en Italie et en Europe ( les usines se situent \u00e0 V\u00e9rone et en Bosnie), ses cadres sont r\u00e9put\u00e9s pour leur niveau\u2026","rel":"","context":"Dans &quot;Non class\u00e9&quot;","block_context":{"text":"Non class\u00e9","link":"https:\/\/www.larouelibre.fr\/blog\/category\/non-classe\/"},"img":{"alt_text":"","src":"https:\/\/i0.wp.com\/www.larouelibre.fr\/blog\/wp-content\/uploads\/2021\/07\/Community_01-1.jpg?fit=1200%2C827&ssl=1&resize=350%2C200","width":350,"height":200,"srcset":"https:\/\/i0.wp.com\/www.larouelibre.fr\/blog\/wp-content\/uploads\/2021\/07\/Community_01-1.jpg?fit=1200%2C827&ssl=1&resize=350%2C200 1x, https:\/\/i0.wp.com\/www.larouelibre.fr\/blog\/wp-content\/uploads\/2021\/07\/Community_01-1.jpg?fit=1200%2C827&ssl=1&resize=525%2C300 1.5x, https:\/\/i0.wp.com\/www.larouelibre.fr\/blog\/wp-content\/uploads\/2021\/07\/Community_01-1.jpg?fit=1200%2C827&ssl=1&resize=700%2C400 2x, https:\/\/i0.wp.com\/www.larouelibre.fr\/blog\/wp-content\/uploads\/2021\/07\/Community_01-1.jpg?fit=1200%2C827&ssl=1&resize=1050%2C600 3x"},"classes":[]},{"id":22608,"url":"https:\/\/www.larouelibre.fr\/blog\/2022\/08\/02\/des-yuba-bikes-disponibles-pour-la-rentree\/","url_meta":{"origin":23134,"position":3},"title":"DES YUBA BIKES DISPONIBLES POUR LA RENTREE!","author":"La Roue Libre","date":"2 ao\u00fbt 2022","format":false,"excerpt":"Franco-Am\u00e9ricaine,\u00a0Yuba\u00a0est une marque de v\u00e9lo sp\u00e9cialis\u00e9e dans les\u00a0cargos\u00a0et plus sp\u00e9cifiquement les\u00a0longtails. N\u00e9e en 2007, elle est le fruit du travail de\u00a0Benjamin Sarrazin, un Fran\u00e7ais install\u00e9 en Californie qui ne jure que par la nature & le kayak. Soucieux de l\u2019environnement et de son moyen de transport quotidien, il cr\u00e9e le\u2026","rel":"","context":"Dans &quot;Non class\u00e9&quot;","block_context":{"text":"Non class\u00e9","link":"https:\/\/www.larouelibre.fr\/blog\/category\/non-classe\/"},"img":{"alt_text":"","src":"https:\/\/i0.wp.com\/www.larouelibre.fr\/blog\/wp-content\/uploads\/2022\/08\/Yuba_Cargo_Spicy_Curry_Red_Mom_Kid_Hill_New.jpg?fit=960%2C960&ssl=1&resize=350%2C200","width":350,"height":200,"srcset":"https:\/\/i0.wp.com\/www.larouelibre.fr\/blog\/wp-content\/uploads\/2022\/08\/Yuba_Cargo_Spicy_Curry_Red_Mom_Kid_Hill_New.jpg?fit=960%2C960&ssl=1&resize=350%2C200 1x, https:\/\/i0.wp.com\/www.larouelibre.fr\/blog\/wp-content\/uploads\/2022\/08\/Yuba_Cargo_Spicy_Curry_Red_Mom_Kid_Hill_New.jpg?fit=960%2C960&ssl=1&resize=525%2C300 1.5x, https:\/\/i0.wp.com\/www.larouelibre.fr\/blog\/wp-content\/uploads\/2022\/08\/Yuba_Cargo_Spicy_Curry_Red_Mom_Kid_Hill_New.jpg?fit=960%2C960&ssl=1&resize=700%2C400 2x"},"classes":[]},{"id":22801,"url":"https:\/\/www.larouelibre.fr\/blog\/2023\/01\/27\/nouveau-velo-longtail-nous-vous-presentons-le-tern-gsd\/","url_meta":{"origin":23134,"position":4},"title":"NOUVEAU VELO LONGTAIL: nous vous pr\u00e9sentons le TERN GSD!","author":"La Roue Libre","date":"27 janvier 2023","format":false,"excerpt":"Une nouvelle marque a fait son apparition dans notre magasin La Roue Libre Nice. Tern est une marque Ta\u00efwanaise sp\u00e9cialiste du v\u00e9lo cargo, longtail haut de gamme. Le mot \"Tern\" vient de l'anglais et d\u00e9signe une esp\u00e8ce d\u2019oiseau migrateur (la sterne, en fran\u00e7ais) qui parcourt des milliers de kilom\u00e8tres chaque\u2026","rel":"","context":"Dans &quot;Non class\u00e9&quot;","block_context":{"text":"Non class\u00e9","link":"https:\/\/www.larouelibre.fr\/blog\/category\/non-classe\/"},"img":{"alt_text":"","src":"https:\/\/i0.wp.com\/www.larouelibre.fr\/blog\/wp-content\/uploads\/2023\/01\/GSD-G2-easytomanage.jpg?fit=1200%2C600&ssl=1&resize=350%2C200","width":350,"height":200,"srcset":"https:\/\/i0.wp.com\/www.larouelibre.fr\/blog\/wp-content\/uploads\/2023\/01\/GSD-G2-easytomanage.jpg?fit=1200%2C600&ssl=1&resize=350%2C200 1x, https:\/\/i0.wp.com\/www.larouelibre.fr\/blog\/wp-content\/uploads\/2023\/01\/GSD-G2-easytomanage.jpg?fit=1200%2C600&ssl=1&resize=525%2C300 1.5x, https:\/\/i0.wp.com\/www.larouelibre.fr\/blog\/wp-content\/uploads\/2023\/01\/GSD-G2-easytomanage.jpg?fit=1200%2C600&ssl=1&resize=700%2C400 2x, https:\/\/i0.wp.com\/www.larouelibre.fr\/blog\/wp-content\/uploads\/2023\/01\/GSD-G2-easytomanage.jpg?fit=1200%2C600&ssl=1&resize=1050%2C600 3x"},"classes":[]},{"id":23374,"url":"https:\/\/www.larouelibre.fr\/blog\/2026\/02\/17\/emploi-nous-recherchons-un-vendeurse-cycle-2\/","url_meta":{"origin":23134,"position":5},"title":"EMPLOI: nous recherchons un VENDEUR(SE) CYCLE!","author":"La Roue Libre","date":"17 f\u00e9vrier 2026","format":false,"excerpt":"Vous \u00eates passionn\u00e9(e) de cycle? Vous passez vos heures de repos \u00e0 astiquer votre v\u00e9lo? Ou bien, vous aimez tailler les sentiers de l'arri\u00e8re-pays? Alors votre profil nous int\u00e9resse s\u00fbrement! Notre magasin La Roue Libre recherche un vendeur(se)\/magasinier dynamique, passionn\u00e9(e) et surtout motiv\u00e9(e) pour venir \u00e9toffer notre \u00e9quipe! Profil recherch\u00e9\u00a0:\u2026","rel":"","context":"Dans &quot;news&quot;","block_context":{"text":"news","link":"https:\/\/www.larouelibre.fr\/blog\/category\/news\/"},"img":{"alt_text":"","src":"https:\/\/i0.wp.com\/www.larouelibre.fr\/blog\/wp-content\/uploads\/2026\/02\/offre_emploi-799x800-1.jpg?fit=799%2C800&ssl=1&resize=350%2C200","width":350,"height":200,"srcset":"https:\/\/i0.wp.com\/www.larouelibre.fr\/blog\/wp-content\/uploads\/2026\/02\/offre_emploi-799x800-1.jpg?fit=799%2C800&ssl=1&resize=350%2C200 1x, https:\/\/i0.wp.com\/www.larouelibre.fr\/blog\/wp-content\/uploads\/2026\/02\/offre_emploi-799x800-1.jpg?fit=799%2C800&ssl=1&resize=525%2C300 1.5x, https:\/\/i0.wp.com\/www.larouelibre.fr\/blog\/wp-content\/uploads\/2026\/02\/offre_emploi-799x800-1.jpg?fit=799%2C800&ssl=1&resize=700%2C400 2x"},"classes":[]}],"_links":{"self":[{"href":"https:\/\/www.larouelibre.fr\/blog\/wp-json\/wp\/v2\/posts\/23134","targetHints":{"allow":["GET"]}}],"collection":[{"href":"https:\/\/www.larouelibre.fr\/blog\/wp-json\/wp\/v2\/posts"}],"about":[{"href":"https:\/\/www.larouelibre.fr\/blog\/wp-json\/wp\/v2\/types\/post"}],"author":[{"embeddable":true,"href":"https:\/\/www.larouelibre.fr\/blog\/wp-json\/wp\/v2\/users\/1"}],"replies":[{"embeddable":true,"href":"https:\/\/www.larouelibre.fr\/blog\/wp-json\/wp\/v2\/comments?post=23134"}],"version-history":[{"count":3,"href":"https:\/\/www.larouelibre.fr\/blog\/wp-json\/wp\/v2\/posts\/23134\/revisions"}],"predecessor-version":[{"id":23144,"href":"https:\/\/www.larouelibre.fr\/blog\/wp-json\/wp\/v2\/posts\/23134\/revisions\/23144"}],"wp:featuredmedia":[{"embeddable":true,"href":"https:\/\/www.larouelibre.fr\/blog\/wp-json\/wp\/v2\/media\/23136"}],"wp:attachment":[{"href":"https:\/\/www.larouelibre.fr\/blog\/wp-json\/wp\/v2\/media?parent=23134"}],"wp:term":[{"taxonomy":"category","embeddable":true,"href":"https:\/\/www.larouelibre.fr\/blog\/wp-json\/wp\/v2\/categories?post=23134"},{"taxonomy":"post_tag","embeddable":true,"href":"https:\/\/www.larouelibre.fr\/blog\/wp-json\/wp\/v2\/tags?post=23134"}],"curies":[{"name":"wp","href":"https:\/\/api.w.org\/{rel}","templated":true}]}}