{"id":23122,"date":"2024-05-06T11:25:19","date_gmt":"2024-05-06T09:25:19","guid":{"rendered":"https:\/\/www.larouelibre.fr\/blog\/?p=23122"},"modified":"2024-05-06T11:30:13","modified_gmt":"2024-05-06T09:30:13","slug":"la-collection-printemps-ete-ale-est-arrivee-en-magasin","status":"publish","type":"post","link":"https:\/\/www.larouelibre.fr\/blog\/2024\/05\/06\/la-collection-printemps-ete-ale-est-arrivee-en-magasin\/","title":{"rendered":"La collection Printemps-\u00c9t\u00e9 Ale est arriv\u00e9e en magasin!"},"content":{"rendered":"\n<p class=\"has-text-align-justify\">En attendant l&rsquo;arriv\u00e9e du beau temps, qui ont l&rsquo;esp\u00e8re arrivera (enfin!) bient\u00f4t, vous pouvez d&rsquo;ore et d\u00e9j\u00e0 venir d\u00e9couvrir la <strong>gamme Ale Cycling Printemps \u00e9t\u00e9<\/strong>. Une gamme haute en couleur avec toujours des prix comp\u00e9titifs pour une qualit\u00e9 <strong>Made in Italy<\/strong>!<\/p>\n\n\n\n<p> <\/p>\n\n\n\n<figure class=\"wp-block-image size-large\"><img data-recalc-dims=\"1\" loading=\"lazy\" decoding=\"async\" width=\"696\" height=\"485\" data-attachment-id=\"23123\" data-permalink=\"https:\/\/www.larouelibre.fr\/blog\/2024\/05\/06\/la-collection-printemps-ete-ale-est-arrivee-en-magasin\/in_action_l24074494_follow-me_1\/\" data-orig-file=\"https:\/\/i0.wp.com\/www.larouelibre.fr\/blog\/wp-content\/uploads\/2024\/05\/in_action_L24074494_FOLLOW-ME_1.jpg?fit=1314%2C916&amp;ssl=1\" data-orig-size=\"1314,916\" data-comments-opened=\"1\" data-image-meta=\"{&quot;aperture&quot;:&quot;0&quot;,&quot;credit&quot;:&quot;&quot;,&quot;camera&quot;:&quot;&quot;,&quot;caption&quot;:&quot;&quot;,&quot;created_timestamp&quot;:&quot;0&quot;,&quot;copyright&quot;:&quot;&quot;,&quot;focal_length&quot;:&quot;0&quot;,&quot;iso&quot;:&quot;0&quot;,&quot;shutter_speed&quot;:&quot;0&quot;,&quot;title&quot;:&quot;&quot;,&quot;orientation&quot;:&quot;0&quot;}\" data-image-title=\"in_action_L24074494_FOLLOW-ME_1\" data-image-description=\"\" data-image-caption=\"\" data-medium-file=\"https:\/\/i0.wp.com\/www.larouelibre.fr\/blog\/wp-content\/uploads\/2024\/05\/in_action_L24074494_FOLLOW-ME_1.jpg?fit=574%2C400&amp;ssl=1\" data-large-file=\"https:\/\/i0.wp.com\/www.larouelibre.fr\/blog\/wp-content\/uploads\/2024\/05\/in_action_L24074494_FOLLOW-ME_1.jpg?fit=696%2C485&amp;ssl=1\" src=\"https:\/\/i0.wp.com\/www.larouelibre.fr\/blog\/wp-content\/uploads\/2024\/05\/in_action_L24074494_FOLLOW-ME_1.jpg?resize=696%2C485&#038;ssl=1\" alt=\"\" class=\"wp-image-23123\" srcset=\"https:\/\/i0.wp.com\/www.larouelibre.fr\/blog\/wp-content\/uploads\/2024\/05\/in_action_L24074494_FOLLOW-ME_1.jpg?resize=1148%2C800&amp;ssl=1 1148w, https:\/\/i0.wp.com\/www.larouelibre.fr\/blog\/wp-content\/uploads\/2024\/05\/in_action_L24074494_FOLLOW-ME_1.jpg?resize=574%2C400&amp;ssl=1 574w, https:\/\/i0.wp.com\/www.larouelibre.fr\/blog\/wp-content\/uploads\/2024\/05\/in_action_L24074494_FOLLOW-ME_1.jpg?resize=768%2C535&amp;ssl=1 768w, https:\/\/i0.wp.com\/www.larouelibre.fr\/blog\/wp-content\/uploads\/2024\/05\/in_action_L24074494_FOLLOW-ME_1.jpg?resize=696%2C485&amp;ssl=1 696w, https:\/\/i0.wp.com\/www.larouelibre.fr\/blog\/wp-content\/uploads\/2024\/05\/in_action_L24074494_FOLLOW-ME_1.jpg?resize=1068%2C745&amp;ssl=1 1068w, https:\/\/i0.wp.com\/www.larouelibre.fr\/blog\/wp-content\/uploads\/2024\/05\/in_action_L24074494_FOLLOW-ME_1.jpg?w=1314&amp;ssl=1 1314w\" sizes=\"auto, (max-width: 696px) 100vw, 696px\" \/><\/figure>\n\n\n\n<p class=\"has-text-align-center\">Cuissards et maillots, vous aurez de quoi refaire votre garde robe!<\/p>\n\n\n\n<div class=\"wp-block-columns is-layout-flex wp-container-core-columns-is-layout-9d6595d7 wp-block-columns-is-layout-flex\">\n<div class=\"wp-block-column is-layout-flow wp-block-column-is-layout-flow\">\n<figure class=\"wp-block-image size-large\"><img data-recalc-dims=\"1\" loading=\"lazy\" decoding=\"async\" width=\"696\" height=\"485\" data-attachment-id=\"23124\" data-permalink=\"https:\/\/www.larouelibre.fr\/blog\/2024\/05\/06\/la-collection-printemps-ete-ale-est-arrivee-en-magasin\/in_action_l24074494_follow-me_2\/\" data-orig-file=\"https:\/\/i0.wp.com\/www.larouelibre.fr\/blog\/wp-content\/uploads\/2024\/05\/in_action_L24074494_FOLLOW-ME_2.jpg?fit=1314%2C916&amp;ssl=1\" data-orig-size=\"1314,916\" data-comments-opened=\"1\" data-image-meta=\"{&quot;aperture&quot;:&quot;0&quot;,&quot;credit&quot;:&quot;&quot;,&quot;camera&quot;:&quot;&quot;,&quot;caption&quot;:&quot;&quot;,&quot;created_timestamp&quot;:&quot;0&quot;,&quot;copyright&quot;:&quot;&quot;,&quot;focal_length&quot;:&quot;0&quot;,&quot;iso&quot;:&quot;0&quot;,&quot;shutter_speed&quot;:&quot;0&quot;,&quot;title&quot;:&quot;&quot;,&quot;orientation&quot;:&quot;0&quot;}\" data-image-title=\"in_action_L24074494_FOLLOW-ME_2\" data-image-description=\"\" data-image-caption=\"\" data-medium-file=\"https:\/\/i0.wp.com\/www.larouelibre.fr\/blog\/wp-content\/uploads\/2024\/05\/in_action_L24074494_FOLLOW-ME_2.jpg?fit=574%2C400&amp;ssl=1\" data-large-file=\"https:\/\/i0.wp.com\/www.larouelibre.fr\/blog\/wp-content\/uploads\/2024\/05\/in_action_L24074494_FOLLOW-ME_2.jpg?fit=696%2C485&amp;ssl=1\" src=\"https:\/\/i0.wp.com\/www.larouelibre.fr\/blog\/wp-content\/uploads\/2024\/05\/in_action_L24074494_FOLLOW-ME_2.jpg?resize=696%2C485&#038;ssl=1\" alt=\"\" class=\"wp-image-23124\" srcset=\"https:\/\/i0.wp.com\/www.larouelibre.fr\/blog\/wp-content\/uploads\/2024\/05\/in_action_L24074494_FOLLOW-ME_2.jpg?resize=1148%2C800&amp;ssl=1 1148w, https:\/\/i0.wp.com\/www.larouelibre.fr\/blog\/wp-content\/uploads\/2024\/05\/in_action_L24074494_FOLLOW-ME_2.jpg?resize=574%2C400&amp;ssl=1 574w, https:\/\/i0.wp.com\/www.larouelibre.fr\/blog\/wp-content\/uploads\/2024\/05\/in_action_L24074494_FOLLOW-ME_2.jpg?resize=768%2C535&amp;ssl=1 768w, https:\/\/i0.wp.com\/www.larouelibre.fr\/blog\/wp-content\/uploads\/2024\/05\/in_action_L24074494_FOLLOW-ME_2.jpg?resize=696%2C485&amp;ssl=1 696w, https:\/\/i0.wp.com\/www.larouelibre.fr\/blog\/wp-content\/uploads\/2024\/05\/in_action_L24074494_FOLLOW-ME_2.jpg?resize=1068%2C745&amp;ssl=1 1068w, https:\/\/i0.wp.com\/www.larouelibre.fr\/blog\/wp-content\/uploads\/2024\/05\/in_action_L24074494_FOLLOW-ME_2.jpg?w=1314&amp;ssl=1 1314w\" sizes=\"auto, (max-width: 696px) 100vw, 696px\" \/><\/figure>\n<\/div>\n<\/div>\n\n\n\n<div class=\"wp-block-columns is-layout-flex wp-container-core-columns-is-layout-9d6595d7 wp-block-columns-is-layout-flex\">\n<div class=\"wp-block-column is-layout-flow wp-block-column-is-layout-flow\"><div class=\"wp-block-image\">\n<figure class=\"aligncenter size-large is-resized\"><img data-recalc-dims=\"1\" loading=\"lazy\" decoding=\"async\" width=\"696\" height=\"696\" data-attachment-id=\"23125\" data-permalink=\"https:\/\/www.larouelibre.fr\/blog\/2024\/05\/06\/la-collection-printemps-ete-ale-est-arrivee-en-magasin\/24-074\/\" data-orig-file=\"https:\/\/i0.wp.com\/www.larouelibre.fr\/blog\/wp-content\/uploads\/2024\/05\/24-074.jpg?fit=1125%2C1125&amp;ssl=1\" data-orig-size=\"1125,1125\" data-comments-opened=\"1\" data-image-meta=\"{&quot;aperture&quot;:&quot;0&quot;,&quot;credit&quot;:&quot;&quot;,&quot;camera&quot;:&quot;&quot;,&quot;caption&quot;:&quot;&quot;,&quot;created_timestamp&quot;:&quot;0&quot;,&quot;copyright&quot;:&quot;&quot;,&quot;focal_length&quot;:&quot;0&quot;,&quot;iso&quot;:&quot;0&quot;,&quot;shutter_speed&quot;:&quot;0&quot;,&quot;title&quot;:&quot;&quot;,&quot;orientation&quot;:&quot;0&quot;}\" data-image-title=\"24-074\" data-image-description=\"\" data-image-caption=\"\" data-medium-file=\"https:\/\/i0.wp.com\/www.larouelibre.fr\/blog\/wp-content\/uploads\/2024\/05\/24-074.jpg?fit=400%2C400&amp;ssl=1\" data-large-file=\"https:\/\/i0.wp.com\/www.larouelibre.fr\/blog\/wp-content\/uploads\/2024\/05\/24-074.jpg?fit=696%2C696&amp;ssl=1\" src=\"https:\/\/i0.wp.com\/www.larouelibre.fr\/blog\/wp-content\/uploads\/2024\/05\/24-074.jpg?resize=696%2C696&#038;ssl=1\" alt=\"\" class=\"wp-image-23125\" style=\"aspect-ratio:1;width:678px;height:auto\" srcset=\"https:\/\/i0.wp.com\/www.larouelibre.fr\/blog\/wp-content\/uploads\/2024\/05\/24-074.jpg?resize=800%2C800&amp;ssl=1 800w, https:\/\/i0.wp.com\/www.larouelibre.fr\/blog\/wp-content\/uploads\/2024\/05\/24-074.jpg?resize=400%2C400&amp;ssl=1 400w, https:\/\/i0.wp.com\/www.larouelibre.fr\/blog\/wp-content\/uploads\/2024\/05\/24-074.jpg?resize=280%2C280&amp;ssl=1 280w, https:\/\/i0.wp.com\/www.larouelibre.fr\/blog\/wp-content\/uploads\/2024\/05\/24-074.jpg?resize=768%2C768&amp;ssl=1 768w, https:\/\/i0.wp.com\/www.larouelibre.fr\/blog\/wp-content\/uploads\/2024\/05\/24-074.jpg?resize=696%2C696&amp;ssl=1 696w, https:\/\/i0.wp.com\/www.larouelibre.fr\/blog\/wp-content\/uploads\/2024\/05\/24-074.jpg?resize=1068%2C1068&amp;ssl=1 1068w, https:\/\/i0.wp.com\/www.larouelibre.fr\/blog\/wp-content\/uploads\/2024\/05\/24-074.jpg?w=1125&amp;ssl=1 1125w\" sizes=\"auto, (max-width: 696px) 100vw, 696px\" \/><\/figure>\n<\/div><\/div>\n<\/div>\n\n\n\n<p class=\"has-text-align-center\">Nous vous attendons \u00e0 la<strong> Roue Libre Nice, au 20 Boulevard Arm\u00e9e des Alpes<\/strong>, nos vendeurs seront \u00e0 votre service pour vous pr\u00e9senter notre gamme compl\u00e8te!<\/p>\n\n\n\n<p><\/p>\n","protected":false},"excerpt":{"rendered":"<p>En attendant l&rsquo;arriv\u00e9e du beau temps, qui ont l&rsquo;esp\u00e8re arrivera (enfin!) bient\u00f4t, vous pouvez d&rsquo;ore et d\u00e9j\u00e0 venir d\u00e9couvrir la gamme Ale Cycling Printemps \u00e9t\u00e9. Une gamme haute en couleur avec toujours des prix comp\u00e9titifs pour une qualit\u00e9 Made in Italy! Cuissards et maillots, vous aurez de quoi refaire votre garde robe! Nous vous attendons [&hellip;]<\/p>\n","protected":false},"author":1,"featured_media":23124,"comment_status":"open","ping_status":"open","sticky":false,"template":"","format":"standard","meta":{"jetpack_post_was_ever_published":false,"_jetpack_newsletter_access":"","_jetpack_dont_email_post_to_subs":false,"_jetpack_newsletter_tier_id":0,"_jetpack_memberships_contains_paywalled_content":false,"_jetpack_memberships_contains_paid_content":false,"footnotes":"","jetpack_publicize_message":"","jetpack_publicize_feature_enabled":true,"jetpack_social_post_already_shared":true,"jetpack_social_options":{"image_generator_settings":{"template":"highway","default_image_id":0,"font":"","enabled":false},"version":2}},"categories":[80],"tags":[],"class_list":{"0":"post-23122","1":"post","2":"type-post","3":"status-publish","4":"format-standard","5":"has-post-thumbnail","7":"category-news"},"yoast_head":"<!-- This site is optimized with the Yoast SEO plugin v26.5 - https:\/\/yoast.com\/wordpress\/plugins\/seo\/ -->\n<title>La collection Printemps-\u00c9t\u00e9 Ale est arriv\u00e9e en magasin! - La Roue Libre<\/title>\n<meta name=\"robots\" content=\"index, follow, max-snippet:-1, max-image-preview:large, max-video-preview:-1\" \/>\n<link rel=\"canonical\" href=\"https:\/\/www.larouelibre.fr\/blog\/2024\/05\/06\/la-collection-printemps-ete-ale-est-arrivee-en-magasin\/\" \/>\n<meta property=\"og:locale\" content=\"fr_FR\" \/>\n<meta property=\"og:type\" content=\"article\" \/>\n<meta property=\"og:title\" content=\"La collection Printemps-\u00c9t\u00e9 Ale est arriv\u00e9e en magasin! - La Roue Libre\" \/>\n<meta property=\"og:description\" content=\"En attendant l&rsquo;arriv\u00e9e du beau temps, qui ont l&rsquo;esp\u00e8re arrivera (enfin!) bient\u00f4t, vous pouvez d&rsquo;ore et d\u00e9j\u00e0 venir d\u00e9couvrir la gamme Ale Cycling Printemps \u00e9t\u00e9. Une gamme haute en couleur avec toujours des prix comp\u00e9titifs pour une qualit\u00e9 Made in Italy! Cuissards et maillots, vous aurez de quoi refaire votre garde robe! Nous vous attendons [&hellip;]\" \/>\n<meta property=\"og:url\" content=\"https:\/\/www.larouelibre.fr\/blog\/2024\/05\/06\/la-collection-printemps-ete-ale-est-arrivee-en-magasin\/\" \/>\n<meta property=\"og:site_name\" content=\"La Roue Libre\" \/>\n<meta property=\"article:published_time\" content=\"2024-05-06T09:25:19+00:00\" \/>\n<meta property=\"article:modified_time\" content=\"2024-05-06T09:30:13+00:00\" \/>\n<meta property=\"og:image\" content=\"https:\/\/www.larouelibre.fr\/blog\/wp-content\/uploads\/2024\/05\/in_action_L24074494_FOLLOW-ME_2.jpg\" \/>\n\t<meta property=\"og:image:width\" content=\"1314\" \/>\n\t<meta property=\"og:image:height\" content=\"916\" \/>\n\t<meta property=\"og:image:type\" content=\"image\/jpeg\" \/>\n<meta name=\"author\" content=\"La Roue Libre\" \/>\n<meta name=\"twitter:card\" content=\"summary_large_image\" \/>\n<meta name=\"twitter:label1\" content=\"\u00c9crit par\" \/>\n\t<meta name=\"twitter:data1\" content=\"La Roue Libre\" \/>\n\t<meta name=\"twitter:label2\" content=\"Dur\u00e9e de lecture estim\u00e9e\" \/>\n\t<meta name=\"twitter:data2\" content=\"2 minutes\" \/>\n<script type=\"application\/ld+json\" class=\"yoast-schema-graph\">{\"@context\":\"https:\/\/schema.org\",\"@graph\":[{\"@type\":\"WebPage\",\"@id\":\"https:\/\/www.larouelibre.fr\/blog\/2024\/05\/06\/la-collection-printemps-ete-ale-est-arrivee-en-magasin\/\",\"url\":\"https:\/\/www.larouelibre.fr\/blog\/2024\/05\/06\/la-collection-printemps-ete-ale-est-arrivee-en-magasin\/\",\"name\":\"La collection Printemps-\u00c9t\u00e9 Ale est arriv\u00e9e en magasin! - La Roue Libre\",\"isPartOf\":{\"@id\":\"https:\/\/www.larouelibre.fr\/blog\/#website\"},\"primaryImageOfPage\":{\"@id\":\"https:\/\/www.larouelibre.fr\/blog\/2024\/05\/06\/la-collection-printemps-ete-ale-est-arrivee-en-magasin\/#primaryimage\"},\"image\":{\"@id\":\"https:\/\/www.larouelibre.fr\/blog\/2024\/05\/06\/la-collection-printemps-ete-ale-est-arrivee-en-magasin\/#primaryimage\"},\"thumbnailUrl\":\"https:\/\/i0.wp.com\/www.larouelibre.fr\/blog\/wp-content\/uploads\/2024\/05\/in_action_L24074494_FOLLOW-ME_2.jpg?fit=1314%2C916&ssl=1\",\"datePublished\":\"2024-05-06T09:25:19+00:00\",\"dateModified\":\"2024-05-06T09:30:13+00:00\",\"author\":{\"@id\":\"https:\/\/www.larouelibre.fr\/blog\/#\/schema\/person\/f0e3bfb9ee3260832293b637a20dfca0\"},\"breadcrumb\":{\"@id\":\"https:\/\/www.larouelibre.fr\/blog\/2024\/05\/06\/la-collection-printemps-ete-ale-est-arrivee-en-magasin\/#breadcrumb\"},\"inLanguage\":\"fr-FR\",\"potentialAction\":[{\"@type\":\"ReadAction\",\"target\":[\"https:\/\/www.larouelibre.fr\/blog\/2024\/05\/06\/la-collection-printemps-ete-ale-est-arrivee-en-magasin\/\"]}]},{\"@type\":\"ImageObject\",\"inLanguage\":\"fr-FR\",\"@id\":\"https:\/\/www.larouelibre.fr\/blog\/2024\/05\/06\/la-collection-printemps-ete-ale-est-arrivee-en-magasin\/#primaryimage\",\"url\":\"https:\/\/i0.wp.com\/www.larouelibre.fr\/blog\/wp-content\/uploads\/2024\/05\/in_action_L24074494_FOLLOW-ME_2.jpg?fit=1314%2C916&ssl=1\",\"contentUrl\":\"https:\/\/i0.wp.com\/www.larouelibre.fr\/blog\/wp-content\/uploads\/2024\/05\/in_action_L24074494_FOLLOW-ME_2.jpg?fit=1314%2C916&ssl=1\",\"width\":1314,\"height\":916},{\"@type\":\"BreadcrumbList\",\"@id\":\"https:\/\/www.larouelibre.fr\/blog\/2024\/05\/06\/la-collection-printemps-ete-ale-est-arrivee-en-magasin\/#breadcrumb\",\"itemListElement\":[{\"@type\":\"ListItem\",\"position\":1,\"name\":\"Accueil\",\"item\":\"https:\/\/www.larouelibre.fr\/blog\/\"},{\"@type\":\"ListItem\",\"position\":2,\"name\":\"La collection Printemps-\u00c9t\u00e9 Ale est arriv\u00e9e en magasin!\"}]},{\"@type\":\"WebSite\",\"@id\":\"https:\/\/www.larouelibre.fr\/blog\/#website\",\"url\":\"https:\/\/www.larouelibre.fr\/blog\/\",\"name\":\"La Roue Libre\",\"description\":\"Votre sp\u00e9cialiste cycle, v\u00e9lo \u00e9lectrique, vtt, v\u00e9lo route \u00e0 Nice et cagnes sur mer\",\"potentialAction\":[{\"@type\":\"SearchAction\",\"target\":{\"@type\":\"EntryPoint\",\"urlTemplate\":\"https:\/\/www.larouelibre.fr\/blog\/?s={search_term_string}\"},\"query-input\":{\"@type\":\"PropertyValueSpecification\",\"valueRequired\":true,\"valueName\":\"search_term_string\"}}],\"inLanguage\":\"fr-FR\"},{\"@type\":\"Person\",\"@id\":\"https:\/\/www.larouelibre.fr\/blog\/#\/schema\/person\/f0e3bfb9ee3260832293b637a20dfca0\",\"name\":\"La Roue Libre\",\"image\":{\"@type\":\"ImageObject\",\"inLanguage\":\"fr-FR\",\"@id\":\"https:\/\/www.larouelibre.fr\/blog\/#\/schema\/person\/image\/\",\"url\":\"https:\/\/secure.gravatar.com\/avatar\/1f3fcb4fdc3a87d34bf1800c7dafbf15c6ab72f0bc50ff91c79228824fd096e6?s=96&d=mm&r=g\",\"contentUrl\":\"https:\/\/secure.gravatar.com\/avatar\/1f3fcb4fdc3a87d34bf1800c7dafbf15c6ab72f0bc50ff91c79228824fd096e6?s=96&d=mm&r=g\",\"caption\":\"La Roue Libre\"},\"description\":\"Votre sp\u00e9cialiste cycle, VTT, v\u00e9los \u00e9lectriques et route depuis 1977!\",\"sameAs\":[\"https:\/\/www.larouelibre.fr\/\"],\"url\":\"https:\/\/www.larouelibre.fr\/blog\/author\/lrl\/\"}]}<\/script>\n<!-- \/ Yoast SEO plugin. -->","yoast_head_json":{"title":"La collection Printemps-\u00c9t\u00e9 Ale est arriv\u00e9e en magasin! - La Roue Libre","robots":{"index":"index","follow":"follow","max-snippet":"max-snippet:-1","max-image-preview":"max-image-preview:large","max-video-preview":"max-video-preview:-1"},"canonical":"https:\/\/www.larouelibre.fr\/blog\/2024\/05\/06\/la-collection-printemps-ete-ale-est-arrivee-en-magasin\/","og_locale":"fr_FR","og_type":"article","og_title":"La collection Printemps-\u00c9t\u00e9 Ale est arriv\u00e9e en magasin! - La Roue Libre","og_description":"En attendant l&rsquo;arriv\u00e9e du beau temps, qui ont l&rsquo;esp\u00e8re arrivera (enfin!) bient\u00f4t, vous pouvez d&rsquo;ore et d\u00e9j\u00e0 venir d\u00e9couvrir la gamme Ale Cycling Printemps \u00e9t\u00e9. Une gamme haute en couleur avec toujours des prix comp\u00e9titifs pour une qualit\u00e9 Made in Italy! Cuissards et maillots, vous aurez de quoi refaire votre garde robe! Nous vous attendons [&hellip;]","og_url":"https:\/\/www.larouelibre.fr\/blog\/2024\/05\/06\/la-collection-printemps-ete-ale-est-arrivee-en-magasin\/","og_site_name":"La Roue Libre","article_published_time":"2024-05-06T09:25:19+00:00","article_modified_time":"2024-05-06T09:30:13+00:00","og_image":[{"width":1314,"height":916,"url":"https:\/\/www.larouelibre.fr\/blog\/wp-content\/uploads\/2024\/05\/in_action_L24074494_FOLLOW-ME_2.jpg","type":"image\/jpeg"}],"author":"La Roue Libre","twitter_card":"summary_large_image","twitter_misc":{"\u00c9crit par":"La Roue Libre","Dur\u00e9e de lecture estim\u00e9e":"2 minutes"},"schema":{"@context":"https:\/\/schema.org","@graph":[{"@type":"WebPage","@id":"https:\/\/www.larouelibre.fr\/blog\/2024\/05\/06\/la-collection-printemps-ete-ale-est-arrivee-en-magasin\/","url":"https:\/\/www.larouelibre.fr\/blog\/2024\/05\/06\/la-collection-printemps-ete-ale-est-arrivee-en-magasin\/","name":"La collection Printemps-\u00c9t\u00e9 Ale est arriv\u00e9e en magasin! - La Roue Libre","isPartOf":{"@id":"https:\/\/www.larouelibre.fr\/blog\/#website"},"primaryImageOfPage":{"@id":"https:\/\/www.larouelibre.fr\/blog\/2024\/05\/06\/la-collection-printemps-ete-ale-est-arrivee-en-magasin\/#primaryimage"},"image":{"@id":"https:\/\/www.larouelibre.fr\/blog\/2024\/05\/06\/la-collection-printemps-ete-ale-est-arrivee-en-magasin\/#primaryimage"},"thumbnailUrl":"https:\/\/i0.wp.com\/www.larouelibre.fr\/blog\/wp-content\/uploads\/2024\/05\/in_action_L24074494_FOLLOW-ME_2.jpg?fit=1314%2C916&ssl=1","datePublished":"2024-05-06T09:25:19+00:00","dateModified":"2024-05-06T09:30:13+00:00","author":{"@id":"https:\/\/www.larouelibre.fr\/blog\/#\/schema\/person\/f0e3bfb9ee3260832293b637a20dfca0"},"breadcrumb":{"@id":"https:\/\/www.larouelibre.fr\/blog\/2024\/05\/06\/la-collection-printemps-ete-ale-est-arrivee-en-magasin\/#breadcrumb"},"inLanguage":"fr-FR","potentialAction":[{"@type":"ReadAction","target":["https:\/\/www.larouelibre.fr\/blog\/2024\/05\/06\/la-collection-printemps-ete-ale-est-arrivee-en-magasin\/"]}]},{"@type":"ImageObject","inLanguage":"fr-FR","@id":"https:\/\/www.larouelibre.fr\/blog\/2024\/05\/06\/la-collection-printemps-ete-ale-est-arrivee-en-magasin\/#primaryimage","url":"https:\/\/i0.wp.com\/www.larouelibre.fr\/blog\/wp-content\/uploads\/2024\/05\/in_action_L24074494_FOLLOW-ME_2.jpg?fit=1314%2C916&ssl=1","contentUrl":"https:\/\/i0.wp.com\/www.larouelibre.fr\/blog\/wp-content\/uploads\/2024\/05\/in_action_L24074494_FOLLOW-ME_2.jpg?fit=1314%2C916&ssl=1","width":1314,"height":916},{"@type":"BreadcrumbList","@id":"https:\/\/www.larouelibre.fr\/blog\/2024\/05\/06\/la-collection-printemps-ete-ale-est-arrivee-en-magasin\/#breadcrumb","itemListElement":[{"@type":"ListItem","position":1,"name":"Accueil","item":"https:\/\/www.larouelibre.fr\/blog\/"},{"@type":"ListItem","position":2,"name":"La collection Printemps-\u00c9t\u00e9 Ale est arriv\u00e9e en magasin!"}]},{"@type":"WebSite","@id":"https:\/\/www.larouelibre.fr\/blog\/#website","url":"https:\/\/www.larouelibre.fr\/blog\/","name":"La Roue Libre","description":"Votre sp\u00e9cialiste cycle, v\u00e9lo \u00e9lectrique, vtt, v\u00e9lo route \u00e0 Nice et cagnes sur mer","potentialAction":[{"@type":"SearchAction","target":{"@type":"EntryPoint","urlTemplate":"https:\/\/www.larouelibre.fr\/blog\/?s={search_term_string}"},"query-input":{"@type":"PropertyValueSpecification","valueRequired":true,"valueName":"search_term_string"}}],"inLanguage":"fr-FR"},{"@type":"Person","@id":"https:\/\/www.larouelibre.fr\/blog\/#\/schema\/person\/f0e3bfb9ee3260832293b637a20dfca0","name":"La Roue Libre","image":{"@type":"ImageObject","inLanguage":"fr-FR","@id":"https:\/\/www.larouelibre.fr\/blog\/#\/schema\/person\/image\/","url":"https:\/\/secure.gravatar.com\/avatar\/1f3fcb4fdc3a87d34bf1800c7dafbf15c6ab72f0bc50ff91c79228824fd096e6?s=96&d=mm&r=g","contentUrl":"https:\/\/secure.gravatar.com\/avatar\/1f3fcb4fdc3a87d34bf1800c7dafbf15c6ab72f0bc50ff91c79228824fd096e6?s=96&d=mm&r=g","caption":"La Roue Libre"},"description":"Votre sp\u00e9cialiste cycle, VTT, v\u00e9los \u00e9lectriques et route depuis 1977!","sameAs":["https:\/\/www.larouelibre.fr\/"],"url":"https:\/\/www.larouelibre.fr\/blog\/author\/lrl\/"}]}},"jetpack_publicize_connections":[],"jetpack_featured_media_url":"https:\/\/i0.wp.com\/www.larouelibre.fr\/blog\/wp-content\/uploads\/2024\/05\/in_action_L24074494_FOLLOW-ME_2.jpg?fit=1314%2C916&ssl=1","jetpack_sharing_enabled":true,"jetpack_shortlink":"https:\/\/wp.me\/p7po7v-60W","jetpack-related-posts":[{"id":23239,"url":"https:\/\/www.larouelibre.fr\/blog\/2025\/04\/14\/la-roue-libre-devient-revendeur-forbidden\/","url_meta":{"origin":23122,"position":0},"title":"LA ROUE LIBRE DEVIENT REVENDEUR FORBIDDEN!","author":"La Roue Libre","date":"14 avril 2025","format":false,"excerpt":"Quelques bruits de couloirs ont commenc\u00e9 \u00e0 fuiter sur la venue d'une nouvelle marque dans nos magasins de Nice et Cagnes-sur-Mer... Nous pouvons enfin vous annoncer l'arriv\u00e9e d'une nouvelle marque canadienne dans nos shops : FORBIDDEN. L'arriv\u00e9e d'un tout nouveau mod\u00e8le \u00e9lectrique dot\u00e9 du tr\u00e8s attendu moteur Avinox M1 avec\u2026","rel":"","context":"Dans &quot;Non class\u00e9&quot;","block_context":{"text":"Non class\u00e9","link":"https:\/\/www.larouelibre.fr\/blog\/category\/non-classe\/"},"img":{"alt_text":"","src":"https:\/\/i0.wp.com\/www.larouelibre.fr\/blog\/wp-content\/uploads\/2025\/04\/DruidCorE_1920x1080-scaled.jpg?fit=1200%2C675&ssl=1&resize=350%2C200","width":350,"height":200,"srcset":"https:\/\/i0.wp.com\/www.larouelibre.fr\/blog\/wp-content\/uploads\/2025\/04\/DruidCorE_1920x1080-scaled.jpg?fit=1200%2C675&ssl=1&resize=350%2C200 1x, https:\/\/i0.wp.com\/www.larouelibre.fr\/blog\/wp-content\/uploads\/2025\/04\/DruidCorE_1920x1080-scaled.jpg?fit=1200%2C675&ssl=1&resize=525%2C300 1.5x, https:\/\/i0.wp.com\/www.larouelibre.fr\/blog\/wp-content\/uploads\/2025\/04\/DruidCorE_1920x1080-scaled.jpg?fit=1200%2C675&ssl=1&resize=700%2C400 2x, https:\/\/i0.wp.com\/www.larouelibre.fr\/blog\/wp-content\/uploads\/2025\/04\/DruidCorE_1920x1080-scaled.jpg?fit=1200%2C675&ssl=1&resize=1050%2C600 3x"},"classes":[]},{"id":22582,"url":"https:\/\/www.larouelibre.fr\/blog\/2022\/07\/22\/nouveaux-maillots-disponibles-en-magasin\/","url_meta":{"origin":23122,"position":1},"title":"Nouveaux maillots disponibles en magasin!","author":"La Roue Libre","date":"22 juillet 2022","format":false,"excerpt":"Si vous voulez rouler \"diff\u00e9rent\" et \u00eatre original, c'est enfin possible et sans se ruiner dans nos magasins! La Roue Libre a travaill\u00e9 en collaboration avec l'illustrateur ni\u00e7ois Coun pour dessiner une s\u00e9rie de maillots d\u00e9di\u00e9s aux ni\u00e7ois et aux amoureux de la petite reine! Une s\u00e9lection de maillots cr\u00e9atifs\u2026","rel":"","context":"Dans &quot;Non class\u00e9&quot;","block_context":{"text":"Non class\u00e9","link":"https:\/\/www.larouelibre.fr\/blog\/category\/non-classe\/"},"img":{"alt_text":"","src":"https:\/\/i0.wp.com\/www.larouelibre.fr\/blog\/wp-content\/uploads\/2022\/07\/photo_article-scaled.jpg?fit=1200%2C1034&ssl=1&resize=350%2C200","width":350,"height":200,"srcset":"https:\/\/i0.wp.com\/www.larouelibre.fr\/blog\/wp-content\/uploads\/2022\/07\/photo_article-scaled.jpg?fit=1200%2C1034&ssl=1&resize=350%2C200 1x, https:\/\/i0.wp.com\/www.larouelibre.fr\/blog\/wp-content\/uploads\/2022\/07\/photo_article-scaled.jpg?fit=1200%2C1034&ssl=1&resize=525%2C300 1.5x, https:\/\/i0.wp.com\/www.larouelibre.fr\/blog\/wp-content\/uploads\/2022\/07\/photo_article-scaled.jpg?fit=1200%2C1034&ssl=1&resize=700%2C400 2x, https:\/\/i0.wp.com\/www.larouelibre.fr\/blog\/wp-content\/uploads\/2022\/07\/photo_article-scaled.jpg?fit=1200%2C1034&ssl=1&resize=1050%2C600 3x"},"classes":[]},{"id":23246,"url":"https:\/\/www.larouelibre.fr\/blog\/2025\/04\/18\/du-nouveau-chez-santacruz\/","url_meta":{"origin":23122,"position":2},"title":"DU NOUVEAU CHEZ SANTACRUZ","author":"La Roue Libre","date":"18 avril 2025","format":false,"excerpt":"La farandole des VTT \u00e9lectriques haut de gamme continue. Apr\u00e8s l'annonce de l'arriv\u00e9e en magasin de la marque Canadienne Forbidden, c'est aujourd'hui du c\u00f4t\u00e9 de la marque am\u00e9ricaine SantaCruz qu'il y a du nouveau! Les pilotes qui cherchent un v\u00e9lo pour envoyer du lourd vont \u00eatre servis, car c'est un\u2026","rel":"","context":"Dans &quot;Non class\u00e9&quot;","block_context":{"text":"Non class\u00e9","link":"https:\/\/www.larouelibre.fr\/blog\/category\/non-classe\/"},"img":{"alt_text":"","src":"https:\/\/i0.wp.com\/www.larouelibre.fr\/blog\/wp-content\/uploads\/2025\/04\/PG_250210_SantaCruz_00794.webp?fit=1000%2C667&ssl=1&resize=350%2C200","width":350,"height":200,"srcset":"https:\/\/i0.wp.com\/www.larouelibre.fr\/blog\/wp-content\/uploads\/2025\/04\/PG_250210_SantaCruz_00794.webp?fit=1000%2C667&ssl=1&resize=350%2C200 1x, https:\/\/i0.wp.com\/www.larouelibre.fr\/blog\/wp-content\/uploads\/2025\/04\/PG_250210_SantaCruz_00794.webp?fit=1000%2C667&ssl=1&resize=525%2C300 1.5x, https:\/\/i0.wp.com\/www.larouelibre.fr\/blog\/wp-content\/uploads\/2025\/04\/PG_250210_SantaCruz_00794.webp?fit=1000%2C667&ssl=1&resize=700%2C400 2x"},"classes":[]},{"id":23040,"url":"https:\/\/www.larouelibre.fr\/blog\/2023\/10\/16\/lapierre-les-nouveaux-glp3-arrivent\/","url_meta":{"origin":23122,"position":3},"title":"LAPIERRE: Les nouveaux GLP3 arrivent!","author":"La Roue Libre","date":"16 octobre 2023","format":false,"excerpt":"Bonne nouvelle pour ceux qui l'attendent depuis plusieurs semaines. Les premiers GLP3 arriveront en fin de semaine pour la version Team. Les autres versions suivront dans les semaines \u00e0 venir. Le GLP III est l\u2019aboutissement d\u2019un\u00a0travail de d\u00e9veloppement pointu\u00a0et unique. Con\u00e7u par des experts, test\u00e9 en laboratoire et valid\u00e9 par\u2026","rel":"","context":"Dans &quot;news&quot;","block_context":{"text":"news","link":"https:\/\/www.larouelibre.fr\/blog\/category\/news\/"},"img":{"alt_text":"","src":"https:\/\/i0.wp.com\/www.larouelibre.fr\/blog\/wp-content\/uploads\/2023\/10\/ovv_heritage2.jpg?fit=992%2C661&ssl=1&resize=350%2C200","width":350,"height":200,"srcset":"https:\/\/i0.wp.com\/www.larouelibre.fr\/blog\/wp-content\/uploads\/2023\/10\/ovv_heritage2.jpg?fit=992%2C661&ssl=1&resize=350%2C200 1x, https:\/\/i0.wp.com\/www.larouelibre.fr\/blog\/wp-content\/uploads\/2023\/10\/ovv_heritage2.jpg?fit=992%2C661&ssl=1&resize=525%2C300 1.5x, https:\/\/i0.wp.com\/www.larouelibre.fr\/blog\/wp-content\/uploads\/2023\/10\/ovv_heritage2.jpg?fit=992%2C661&ssl=1&resize=700%2C400 2x"},"classes":[]},{"id":22260,"url":"https:\/\/www.larouelibre.fr\/blog\/2022\/04\/15\/moustache-2022-lancement-officiel-de-la-nouvelle-gamme-trail-et-game\/","url_meta":{"origin":23122,"position":4},"title":"MOUSTACHE 2022: Lancement officiel de la nouvelle gamme TRAIL et GAME!","author":"La Roue Libre","date":"15 avril 2022","format":false,"excerpt":"Nous l'attendions depuis longtemps, la crise sanitaire ayant grandement retard\u00e9 sa date de sortie... Mais elle est l\u00e0, la nouvelle gamme VTTAE \"performance\" de la famille Moustache avec les nouveaux Game et Trail version 2022! Nous vous laissons d\u00e9couvrir en image cette grande nouveaut\u00e9 de la saison: MOUSTACHE SAMEDI 29\u2026","rel":"","context":"Dans &quot;Non class\u00e9&quot;","block_context":{"text":"Non class\u00e9","link":"https:\/\/www.larouelibre.fr\/blog\/category\/non-classe\/"},"img":{"alt_text":"","src":"https:\/\/i0.wp.com\/www.larouelibre.fr\/blog\/wp-content\/uploads\/2022\/04\/photo-1.jpg?fit=1200%2C703&ssl=1&resize=350%2C200","width":350,"height":200,"srcset":"https:\/\/i0.wp.com\/www.larouelibre.fr\/blog\/wp-content\/uploads\/2022\/04\/photo-1.jpg?fit=1200%2C703&ssl=1&resize=350%2C200 1x, https:\/\/i0.wp.com\/www.larouelibre.fr\/blog\/wp-content\/uploads\/2022\/04\/photo-1.jpg?fit=1200%2C703&ssl=1&resize=525%2C300 1.5x, https:\/\/i0.wp.com\/www.larouelibre.fr\/blog\/wp-content\/uploads\/2022\/04\/photo-1.jpg?fit=1200%2C703&ssl=1&resize=700%2C400 2x, https:\/\/i0.wp.com\/www.larouelibre.fr\/blog\/wp-content\/uploads\/2022\/04\/photo-1.jpg?fit=1200%2C703&ssl=1&resize=1050%2C600 3x"},"classes":[]},{"id":22650,"url":"https:\/\/www.larouelibre.fr\/blog\/2022\/08\/16\/nouveaute-shimano-le-105-di2-est-arrive\/","url_meta":{"origin":23122,"position":5},"title":"Nouveaut\u00e9 Shimano: le 105 Di2 est arriv\u00e9!","author":"La Roue Libre","date":"16 ao\u00fbt 2022","format":false,"excerpt":"Une grosse nouveaut\u00e9 attendu par tous les puristes de la marque nippone. Bien connu de nos amis routiers, la technologie Di2 avec le changement de vitesses \u00e9lectrique, \u00e9tait jusqu'\u00e0 pr\u00e9sent r\u00e9serv\u00e9e aux uniques groupes Ultegra et Dura Ace plus \u00e9litistes. Mais la grande nouveaut\u00e9 2023 est arriv\u00e9e... le tout nouveau\u2026","rel":"","context":"Dans &quot;Non class\u00e9&quot;","block_context":{"text":"Non class\u00e9","link":"https:\/\/www.larouelibre.fr\/blog\/category\/non-classe\/"},"img":{"alt_text":"","src":"https:\/\/i0.wp.com\/www.larouelibre.fr\/blog\/wp-content\/uploads\/2022\/08\/shimano-105-campaign-2022-intro-background.jpg?fit=1200%2C675&ssl=1&resize=350%2C200","width":350,"height":200,"srcset":"https:\/\/i0.wp.com\/www.larouelibre.fr\/blog\/wp-content\/uploads\/2022\/08\/shimano-105-campaign-2022-intro-background.jpg?fit=1200%2C675&ssl=1&resize=350%2C200 1x, https:\/\/i0.wp.com\/www.larouelibre.fr\/blog\/wp-content\/uploads\/2022\/08\/shimano-105-campaign-2022-intro-background.jpg?fit=1200%2C675&ssl=1&resize=525%2C300 1.5x, https:\/\/i0.wp.com\/www.larouelibre.fr\/blog\/wp-content\/uploads\/2022\/08\/shimano-105-campaign-2022-intro-background.jpg?fit=1200%2C675&ssl=1&resize=700%2C400 2x, https:\/\/i0.wp.com\/www.larouelibre.fr\/blog\/wp-content\/uploads\/2022\/08\/shimano-105-campaign-2022-intro-background.jpg?fit=1200%2C675&ssl=1&resize=1050%2C600 3x"},"classes":[]}],"_links":{"self":[{"href":"https:\/\/www.larouelibre.fr\/blog\/wp-json\/wp\/v2\/posts\/23122","targetHints":{"allow":["GET"]}}],"collection":[{"href":"https:\/\/www.larouelibre.fr\/blog\/wp-json\/wp\/v2\/posts"}],"about":[{"href":"https:\/\/www.larouelibre.fr\/blog\/wp-json\/wp\/v2\/types\/post"}],"author":[{"embeddable":true,"href":"https:\/\/www.larouelibre.fr\/blog\/wp-json\/wp\/v2\/users\/1"}],"replies":[{"embeddable":true,"href":"https:\/\/www.larouelibre.fr\/blog\/wp-json\/wp\/v2\/comments?post=23122"}],"version-history":[{"count":4,"href":"https:\/\/www.larouelibre.fr\/blog\/wp-json\/wp\/v2\/posts\/23122\/revisions"}],"predecessor-version":[{"id":23132,"href":"https:\/\/www.larouelibre.fr\/blog\/wp-json\/wp\/v2\/posts\/23122\/revisions\/23132"}],"wp:featuredmedia":[{"embeddable":true,"href":"https:\/\/www.larouelibre.fr\/blog\/wp-json\/wp\/v2\/media\/23124"}],"wp:attachment":[{"href":"https:\/\/www.larouelibre.fr\/blog\/wp-json\/wp\/v2\/media?parent=23122"}],"wp:term":[{"taxonomy":"category","embeddable":true,"href":"https:\/\/www.larouelibre.fr\/blog\/wp-json\/wp\/v2\/categories?post=23122"},{"taxonomy":"post_tag","embeddable":true,"href":"https:\/\/www.larouelibre.fr\/blog\/wp-json\/wp\/v2\/tags?post=23122"}],"curies":[{"name":"wp","href":"https:\/\/api.w.org\/{rel}","templated":true}]}}